{"id":4702,"date":"2013-05-30T08:16:00","date_gmt":"2013-05-30T06:16:00","guid":{"rendered":"http:\/\/wptestsite.tecnavia.com\/chiesedisicilia_clientsite\/news\/2013\/05\/30\/trapani-larcivescovo-plotti-racconta-ai-fedeli-lincontro-con-papa-francesco\/"},"modified":"2018-11-12T07:58:51","modified_gmt":"2018-01-16T07:58:51","slug":"trapani-larcivescovo-plotti-racconta-ai-fedeli-lincontro-con-papa-francesco","status":"publish","type":"post","link":"https:\/\/www.chiesedisicilia.org\/2013\/05\/30\/trapani-larcivescovo-plotti-racconta-ai-fedeli-lincontro-con-papa-francesco\/","title":{"rendered":"TRAPANI. L\u2019ARCIVESCOVO PLOTTI RACCONTA AI FEDELI L\u2019INCONTRO CON PAPA FRANCESCO"},"content":{"rendered":"<div><span style=\"font-family: 'Times New Roman';\">\u00a0<span style=\"font-size: 12pt; line-height: 115%;\">\u201cLa visita <\/span><span style=\"font-size: 12pt; line-height: 115%;\">ad limina apostolorum<\/span><span style=\"font-size: 12pt; line-height: 115%;\"> che ogni vescovo deve fare a Roma per recuperare e celebrare l\u2019apostolicit\u00e0 del suo Ministero Episcopale sulla Tomba degli Apostoli Pietro e Paolo, \u00e8 sempre una esperienza forte, perch\u00e9 oltre alle celebrazioni nelle Basiliche papali, c\u2019\u00e8 l\u2019incontro con il Santo Padre. Quest\u2019anno la visita non ha avuto il colloquio personale con il Papa, ma un incontro comunitario\u201d. Cos\u00ec l\u2019arcivescovo mons. Alessandro Plotti, amministratore apostolico di Trapani, scrive ai fedeli della sua diocesi per raccontare l\u2019incontro che i pastori della Chiese di Sicilia hanno avuto con Papa Francesco, in occasione appunto della \u201cvisita ad limina\u201d che si \u00e8 svolta a partire dal 20 Maggio scorso, a Citt\u00e0 del Vaticano. \u201cI vescovi siciliani sono stati divisi in due gruppi, nove e nove. C\u2019era anche la curiosit\u00e0 del primo contatto diretto con Papa Francesco \u2013 aggiunge il presule &#8211; \u00e8 stato un momento di intensa collegialit\u00e0, soprattutto per la semplicit\u00e0 e la familiarit\u00e0 che il nuovo Papa ha saputo testimoniare nell\u2019ascolto, nella condivisione e nella fraternit\u00e0. Ha ascoltato uno per uno i vescovi seduti attorno a lui e ha offerto suggerimenti, proposte e sollecitazioni.<\/span><\/span><\/div>\n<p class=\"MsoNormal\"><span style=\"font-family: 'Times New Roman';\"><span style=\"font-size: 12pt; line-height: 115%;\">In un clima di confronto, pacato, sereno e autentico, senza fretta i vescovi hanno potuto manifestare sinceramente i loro problemi pastorali, raccontare la loro storia e la storia delle loro Diocesi e condividerle con la saggezza, la bonomia e la disponibilit\u00e0 di Papa Francesco, senza timidezze e senza ostacoli istituzionali.<\/span><\/span><span style=\"font-size:12.0pt;line-height:115%;font-family:\n\"Times New Roman\",\"serif\";mso-fareast-font-family:\"Times New Roman\"\"><o:p><\/o:p><\/span><\/p>\n<p class=\"MsoNormal\"><span style=\"font-family: 'Times New Roman';\"><span style=\"font-size: 12pt; line-height: 115%;\">Un Papa che ti mette subito a tuo agio, come se l\u2019avessi gi\u00e0 conosciuto, in uno scambio di immediatezza e di genuinit\u00e0 veramente commoventi. Un\u2019esperienza indelebile! Che Papa straordinario ci ha donato lo Spirito Santo! Per incrementare la comunione fra di noi stiamo progettando un convegno ecclesiale che si terr\u00e0 com\u2019\u00e8 tradizione a fine estate per tutta la Diocesi. Sar\u00e0 \u2013 conclude mons. Plotti &#8211; uno dei modi in cui tenere fede all\u2019impegno di evangelizzazione sollecitato dal Vescovo di Roma\u201d. [01]<\/span><\/span><span style=\"font-size:12.0pt;line-height:115%;font-family:\n\"Times New Roman\",\"serif\";mso-fareast-font-family:\"Times New Roman\"\"><o:p><\/o:p><\/span><\/p>\n","protected":false},"excerpt":{"rendered":"","protected":false},"author":1,"featured_media":0,"comment_status":"open","ping_status":"open","sticky":false,"template":"","format":"standard","meta":[],"categories":[30],"tags":[],"news-destination":[],"news-source":[],"is_homepage":[],"ta_other":[],"_links":{"self":[{"href":"https:\/\/www.chiesedisicilia.org\/chiesedisicilia\/news\/wp-json\/wp\/v2\/posts\/4702"}],"collection":[{"href":"https:\/\/www.chiesedisicilia.org\/chiesedisicilia\/news\/wp-json\/wp\/v2\/posts"}],"about":[{"href":"https:\/\/www.chiesedisicilia.org\/chiesedisicilia\/news\/wp-json\/wp\/v2\/types\/post"}],"author":[{"embeddable":true,"href":"https:\/\/www.chiesedisicilia.org\/chiesedisicilia\/news\/wp-json\/wp\/v2\/users\/1"}],"replies":[{"embeddable":true,"href":"https:\/\/www.chiesedisicilia.org\/chiesedisicilia\/news\/wp-json\/wp\/v2\/comments?post=4702"}],"version-history":[{"count":1,"href":"https:\/\/www.chiesedisicilia.org\/chiesedisicilia\/news\/wp-json\/wp\/v2\/posts\/4702\/revisions"}],"predecessor-version":[{"id":23164,"href":"https:\/\/www.chiesedisicilia.org\/chiesedisicilia\/news\/wp-json\/wp\/v2\/posts\/4702\/revisions\/23164"}],"wp:attachment":[{"href":"https:\/\/www.chiesedisicilia.org\/chiesedisicilia\/news\/wp-json\/wp\/v2\/media?parent=4702"}],"wp:term":[{"taxonomy":"category","embeddable":true,"href":"https:\/\/www.chiesedisicilia.org\/chiesedisicilia\/news\/wp-json\/wp\/v2\/categories?post=4702"},{"taxonomy":"post_tag","embeddable":true,"href":"https:\/\/www.chiesedisicilia.org\/chiesedisicilia\/news\/wp-json\/wp\/v2\/tags?post=4702"},{"taxonomy":"news-destination","embeddable":true,"href":"https:\/\/www.chiesedisicilia.org\/chiesedisicilia\/news\/wp-json\/wp\/v2\/news-destination?post=4702"},{"taxonomy":"news-source","embeddable":true,"href":"https:\/\/www.chiesedisicilia.org\/chiesedisicilia\/news\/wp-json\/wp\/v2\/news-source?post=4702"},{"taxonomy":"is_homepage","embeddable":true,"href":"https:\/\/www.chiesedisicilia.org\/chiesedisicilia\/news\/wp-json\/wp\/v2\/is_homepage?post=4702"},{"taxonomy":"ta_other","embeddable":true,"href":"https:\/\/www.chiesedisicilia.org\/chiesedisicilia\/news\/wp-json\/wp\/v2\/ta_other?post=4702"}],"curies":[{"name":"wp","href":"https:\/\/api.w.org\/{rel}","templated":true}]}}