{"id":4681,"date":"2013-02-15T13:08:00","date_gmt":"2013-02-15T12:08:00","guid":{"rendered":"http:\/\/wptestsite.tecnavia.com\/chiesedisicilia_clientsite\/news\/2013\/02\/15\/trapani-giovani-e-politica-riflessione-e-provocazioni\/"},"modified":"2018-11-12T07:58:50","modified_gmt":"2018-01-16T07:58:50","slug":"trapani-giovani-e-politica-riflessione-e-provocazioni","status":"publish","type":"post","link":"https:\/\/www.chiesedisicilia.org\/2013\/02\/15\/trapani-giovani-e-politica-riflessione-e-provocazioni\/","title":{"rendered":"TRAPANI. GIOVANI E POLITICA: RIFLESSIONE E PROVOCAZIONI"},"content":{"rendered":"<div>\n<p class=\"MsoNormal\" style=\"margin: 0cm 0cm 0pt\"><span style=\"font-family: 'Times New Roman','serif'; font-size: 12pt; mso-fareast-language: EN-US; mso-bidi-font-weight: bold\">Per ridare dignit\u00e0 alla politica bisogna ripartire dai giovani<\/span><span style=\"font-family: 'Times New Roman','serif'; font-size: 12pt; mso-fareast-language: EN-US\">. E\u2019 questo il tema di una riflessione che propone l\u2019Ufficio di Pastorale giovanile della Diocesi in collaborazione con l\u2019Azione Cattolica e la parrocchia \u201cRegina Pacis\u201d di Paceco.<o:p><\/o:p><\/span><\/p>\n<p class=\"MsoNormal\" style=\"margin: 0cm 0cm 0pt\"><span style=\"font-family: 'Times New Roman','serif'; font-size: 12pt; mso-fareast-language: EN-US\">Oggi, sabato <span style=\"mso-bidi-font-weight: bold\">16 febbraio, alle ore 17 a Paceco<\/span>, presso il Teatro delle Oblate, si terr\u00e0 il convegno \u201cRipartire dai giovani per una nuova dignit\u00e0 della politica\u201d. Interverr\u00e0 <span style=\"mso-bidi-font-style: italic\">Giuseppe Notarstefano,<\/span> docente dell\u2019Universit\u00e0 di Palermo, direttore dell\u2019Ufficio per la Pastorale sociale dell\u2019Arcidiocesi di Palermo e membro del comitato scientifico dell\u2019Istituto \u201cVittorio Bachelet\u201d di Roma. I lavori saranno introdotti da don Salvo Morghese, parroco di Paceco, e don Filippo Cataldo responsabile della Pastorale giovanile diocesana. Modera Gino Gandolfo presidente dell\u2019Azione Cattolica diocesana.<o:p><\/o:p><\/span><\/p>\n<p class=\"MsoNormal\" style=\"margin: 0cm 0cm 0pt\"><span style=\"font-family: 'Times New Roman','serif'; font-size: 12pt\">\u201cSolitamente si titola il dibattito su giovani e politica riecheggiando il film \u201c<span style=\"mso-bidi-font-style: italic\">Non \u00e8 un paese per vecchi<\/span>\u201d, debitamente cambiato in \u201c<span style=\"mso-bidi-font-style: italic\">Non \u00e8 un paese per giovani<\/span>\u201d, e altrettanto solitamente il tema infervora il dibattito al massimo per una settimana, poi tutto torna esattamente come prima \u2013 affermano nel loro <span style=\"mso-bidi-font-weight: bold\">\u201c<span style=\"mso-bidi-font-style: italic\">manifesto<\/span>\u201d<\/span> gli organizzatori &#8211; Allo stesso tempo, per neutralizzare ancora meglio il problema (perch\u00e9 di problema si tratta) lo si trasforma velocemente in un\u2019analisi della partecipazione giovanile: i giovani sono poco attivi, sono indifferenti, gli spazi di partecipazione che hanno (gli organi della scuola, ad esempio) li abitano male, etc. Un modo raffinato per far passare l\u2019idea che se pur sia vero che i giovani non hanno strutturalmente spazio nei luoghi decisionali, o comunque in quelli in cui si costruiscono le scelte del Paese, ma anche di un\u2019azienda, del proprio comune, della vita della scuola, la colpa in fondo \u00e8 loro: <span style=\"mso-bidi-font-style: italic\">non partecipano adeguatamente.<\/span> \u00c8 un processo di delegittimazione strisciante, ancora pi\u00f9 preoccupante. Crediamo invece che per ridare dignit\u00e0 alla politica, anch\u2019essa messa sempre sotto processo, svilita, aggirata, occorra ripartire dai giovani, non per una qualche forma di giovanilismo \u2013 anch\u2019esso pericoloso e ideologico \u2013 ma piuttosto ridando dignit\u00e0 ai modelli di partecipazione e di formulazione delle proposte dei giovani. Crediamo che la politica abbia bisogno dei giovani, ma innanzitutto debba smetterla di cerca i giovani, come spesso fa, con intenti utilitaristici, perch\u00e9 essi possono convogliare voti di una parte dell\u2019elettorato che non troverebbe un candidato interessante; oppure proponendo loro dei modelli di impegno incompatibili con una vita privata da costruire (lavoro, famiglia) e un necessario spirito di servizio\u201d. [01]<o:p><\/o:p><\/span><\/p>\n<\/div>\n","protected":false},"excerpt":{"rendered":"","protected":false},"author":1,"featured_media":0,"comment_status":"open","ping_status":"open","sticky":false,"template":"","format":"standard","meta":[],"categories":[30],"tags":[],"news-destination":[],"news-source":[],"is_homepage":[],"ta_other":[],"_links":{"self":[{"href":"https:\/\/www.chiesedisicilia.org\/chiesedisicilia\/news\/wp-json\/wp\/v2\/posts\/4681"}],"collection":[{"href":"https:\/\/www.chiesedisicilia.org\/chiesedisicilia\/news\/wp-json\/wp\/v2\/posts"}],"about":[{"href":"https:\/\/www.chiesedisicilia.org\/chiesedisicilia\/news\/wp-json\/wp\/v2\/types\/post"}],"author":[{"embeddable":true,"href":"https:\/\/www.chiesedisicilia.org\/chiesedisicilia\/news\/wp-json\/wp\/v2\/users\/1"}],"replies":[{"embeddable":true,"href":"https:\/\/www.chiesedisicilia.org\/chiesedisicilia\/news\/wp-json\/wp\/v2\/comments?post=4681"}],"version-history":[{"count":1,"href":"https:\/\/www.chiesedisicilia.org\/chiesedisicilia\/news\/wp-json\/wp\/v2\/posts\/4681\/revisions"}],"predecessor-version":[{"id":23139,"href":"https:\/\/www.chiesedisicilia.org\/chiesedisicilia\/news\/wp-json\/wp\/v2\/posts\/4681\/revisions\/23139"}],"wp:attachment":[{"href":"https:\/\/www.chiesedisicilia.org\/chiesedisicilia\/news\/wp-json\/wp\/v2\/media?parent=4681"}],"wp:term":[{"taxonomy":"category","embeddable":true,"href":"https:\/\/www.chiesedisicilia.org\/chiesedisicilia\/news\/wp-json\/wp\/v2\/categories?post=4681"},{"taxonomy":"post_tag","embeddable":true,"href":"https:\/\/www.chiesedisicilia.org\/chiesedisicilia\/news\/wp-json\/wp\/v2\/tags?post=4681"},{"taxonomy":"news-destination","embeddable":true,"href":"https:\/\/www.chiesedisicilia.org\/chiesedisicilia\/news\/wp-json\/wp\/v2\/news-destination?post=4681"},{"taxonomy":"news-source","embeddable":true,"href":"https:\/\/www.chiesedisicilia.org\/chiesedisicilia\/news\/wp-json\/wp\/v2\/news-source?post=4681"},{"taxonomy":"is_homepage","embeddable":true,"href":"https:\/\/www.chiesedisicilia.org\/chiesedisicilia\/news\/wp-json\/wp\/v2\/is_homepage?post=4681"},{"taxonomy":"ta_other","embeddable":true,"href":"https:\/\/www.chiesedisicilia.org\/chiesedisicilia\/news\/wp-json\/wp\/v2\/ta_other?post=4681"}],"curies":[{"name":"wp","href":"https:\/\/api.w.org\/{rel}","templated":true}]}}