{"id":4671,"date":"2013-01-31T18:32:00","date_gmt":"2013-01-31T17:32:00","guid":{"rendered":"http:\/\/wptestsite.tecnavia.com\/chiesedisicilia_clientsite\/news\/2013\/01\/31\/trapani-azione-cattolica-e-movimento-apostolico-beati-glio-operatori-di-pace\/"},"modified":"2018-11-12T07:58:50","modified_gmt":"2018-01-16T07:58:50","slug":"trapani-azione-cattolica-e-movimento-apostolico-beati-glio-operatori-di-pace","status":"publish","type":"post","link":"https:\/\/www.chiesedisicilia.org\/2013\/01\/31\/trapani-azione-cattolica-e-movimento-apostolico-beati-glio-operatori-di-pace\/","title":{"rendered":"TRAPANI. AZIONE CATTOLICA E MOVIMENTO APOSTOLICO: \u201cBEATI GLIO OPERATORI DI PACE\u201d"},"content":{"rendered":"<div>\n<p class=\"MsoNormal\" style=\"margin: 0cm 0cm 0pt\"><span style=\"font-family: 'Times New Roman','serif'; color: black; font-size: 12pt\">\u201c<span style=\"mso-bidi-font-weight: bold\">Beati gli operatori di pace<\/span>\u201d \u00e8 il tema del convegno che si terr\u00e0 oggi, venerd\u00ec<span style=\"mso-bidi-font-weight: bold\"> 1 febbraio, ad Alcamo<\/span> con inizio alle ore 20.30 presso il Salone della <span style=\"mso-bidi-font-weight: bold\">Parrocchia San Giuseppe<\/span>. L\u2019incontro, organizzato dall\u2019Azione Cattolica diocesana in collaborazione con il Movimento Apostolico, avr\u00e0 come\u00a0tema il messaggio del Papa per la Giornata mondiale della pace, approfondendo alcune linee, quali quelle di un nuovo modello di sviluppo veramente umano a partire dalla pace e dalla giustizia garantita a tutti gli i popoli. Condurr\u00e0 il dibattito il giornalista <span style=\"mso-bidi-font-weight: bold\">Giorgio Bernardelli<\/span>, redattore di \u201cMondo e Missione\u201d ed esperto delle problematiche del Medio Oriente. I lavori saranno introdotti da Antonella Sucameli, responsabile del Movimento Apostolico, don Francesco Mistretta, parroco a San Giuseppe, e Gino Gandolfo, presidente dell\u2019Azione Cattolica diocesana. [01]<o:p><\/o:p><\/span><\/p>\n<\/div>\n","protected":false},"excerpt":{"rendered":"","protected":false},"author":1,"featured_media":0,"comment_status":"open","ping_status":"open","sticky":false,"template":"","format":"standard","meta":[],"categories":[30],"tags":[],"news-destination":[],"news-source":[],"is_homepage":[],"ta_other":[],"_links":{"self":[{"href":"https:\/\/www.chiesedisicilia.org\/chiesedisicilia\/news\/wp-json\/wp\/v2\/posts\/4671"}],"collection":[{"href":"https:\/\/www.chiesedisicilia.org\/chiesedisicilia\/news\/wp-json\/wp\/v2\/posts"}],"about":[{"href":"https:\/\/www.chiesedisicilia.org\/chiesedisicilia\/news\/wp-json\/wp\/v2\/types\/post"}],"author":[{"embeddable":true,"href":"https:\/\/www.chiesedisicilia.org\/chiesedisicilia\/news\/wp-json\/wp\/v2\/users\/1"}],"replies":[{"embeddable":true,"href":"https:\/\/www.chiesedisicilia.org\/chiesedisicilia\/news\/wp-json\/wp\/v2\/comments?post=4671"}],"version-history":[{"count":1,"href":"https:\/\/www.chiesedisicilia.org\/chiesedisicilia\/news\/wp-json\/wp\/v2\/posts\/4671\/revisions"}],"predecessor-version":[{"id":23133,"href":"https:\/\/www.chiesedisicilia.org\/chiesedisicilia\/news\/wp-json\/wp\/v2\/posts\/4671\/revisions\/23133"}],"wp:attachment":[{"href":"https:\/\/www.chiesedisicilia.org\/chiesedisicilia\/news\/wp-json\/wp\/v2\/media?parent=4671"}],"wp:term":[{"taxonomy":"category","embeddable":true,"href":"https:\/\/www.chiesedisicilia.org\/chiesedisicilia\/news\/wp-json\/wp\/v2\/categories?post=4671"},{"taxonomy":"post_tag","embeddable":true,"href":"https:\/\/www.chiesedisicilia.org\/chiesedisicilia\/news\/wp-json\/wp\/v2\/tags?post=4671"},{"taxonomy":"news-destination","embeddable":true,"href":"https:\/\/www.chiesedisicilia.org\/chiesedisicilia\/news\/wp-json\/wp\/v2\/news-destination?post=4671"},{"taxonomy":"news-source","embeddable":true,"href":"https:\/\/www.chiesedisicilia.org\/chiesedisicilia\/news\/wp-json\/wp\/v2\/news-source?post=4671"},{"taxonomy":"is_homepage","embeddable":true,"href":"https:\/\/www.chiesedisicilia.org\/chiesedisicilia\/news\/wp-json\/wp\/v2\/is_homepage?post=4671"},{"taxonomy":"ta_other","embeddable":true,"href":"https:\/\/www.chiesedisicilia.org\/chiesedisicilia\/news\/wp-json\/wp\/v2\/ta_other?post=4671"}],"curies":[{"name":"wp","href":"https:\/\/api.w.org\/{rel}","templated":true}]}}