{"id":4661,"date":"2012-12-13T13:08:00","date_gmt":"2012-12-13T12:08:00","guid":{"rendered":"http:\/\/wptestsite.tecnavia.com\/chiesedisicilia_clientsite\/news\/2012\/12\/13\/trapani-pasqua2000-parole-e-il-silenzio-di-renzo-cremona\/"},"modified":"2018-11-12T07:58:50","modified_gmt":"2018-01-16T07:58:50","slug":"trapani-pasqua2000-parole-e-il-silenzio-di-renzo-cremona","status":"publish","type":"post","link":"https:\/\/www.chiesedisicilia.org\/2012\/12\/13\/trapani-pasqua2000-parole-e-il-silenzio-di-renzo-cremona\/","title":{"rendered":"TRAPANI. PASQUA2000: PAROLE E IL SILENZIO DI RENZO CREMONA"},"content":{"rendered":"<div>\n<p class=\"MsoNoSpacing\" style=\"margin: 0cm 0cm 0pt\"><span style=\"font-family: 'Times New Roman','serif'; color: black; font-size: 12pt\">Torna a Trapani con un <span style=\"mso-bidi-font-weight: bold\">reading &#8211; evento<\/span> dal titolo \u201c<span style=\"mso-bidi-font-weight: bold\">Neve<\/span>\u201d il poeta veneto <span style=\"mso-bidi-font-weight: bold\">Renzo Cremona<\/span>, pi\u00f9 volte ospite della rassegna letteraria <span style=\"mso-bidi-font-style: italic\">Terrazza d\u2019Autore<\/span>, nell\u2019ambito della quale ha riscosso un notevole successo di pubblico. Il recital, organizzato dalla Fondazione Pasqua2000, si terr\u00e0 <span style=\"mso-bidi-font-weight: bold\">sabato 15 dicembre alle 18.15<\/span> presso il <span style=\"mso-bidi-font-weight: bold\">Palazzo De Filippi<\/span>, sede del Luglio Musicale Trapanese. \u201c<span style=\"mso-bidi-font-style: italic\">Nella suggestione delle parole del poeta \u2013 si legge nella nota stampa che annuncia l\u2019appuntamento &#8211; presenze e assenze, allontanamenti e ritorni, labili e allo stesso tempo tenaci come fiocchi di neve che ammantano di silenzio i rumori e cancellano le tracce dei passi<\/span>. Lontananze che non possono essere colmate se non prendendone atto e rinunciando a misurarle\u201d. I testi saranno animati dalle voci di Renzo Cremona e Ornella Fulco, con la partecipazione di Desir\u00e9e Baiata e Gaspare Romano. Al termine del recital \u00e8 previsto un momento di convivialit\u00e0 con la degustazione di vini offerti dalla cantina Fazio. Renzo Cremona ha studiato Lingua e letteratura cinese, portoghese, neogreca e georgiana presso l\u2019Universit\u00e0 di Venezia. Consulente linguistico, traduttore di testi letterari dal Cinese mandarino, dal neogreco, dal portoghese e dall\u2019afrikaans, \u00e8 autore di numerose raccolte poetiche e di haiku innovativi e sperimentali in lingua italiana e latina. Ha al suo attivo numerosi riconoscimenti nazionali e internazionali, ed \u00e8 da anni impegnato in letture pubbliche in Italia e all\u2019estero destinate a togliere le parole dagli scaffali per portarle in mezzo alla gente. [01]<span style=\"mso-bidi-font-weight: bold\"><o:p><\/o:p><\/span><\/span><\/p>\n<\/div>\n","protected":false},"excerpt":{"rendered":"","protected":false},"author":1,"featured_media":0,"comment_status":"open","ping_status":"open","sticky":false,"template":"","format":"standard","meta":[],"categories":[30],"tags":[],"news-destination":[],"news-source":[],"is_homepage":[],"ta_other":[],"_links":{"self":[{"href":"https:\/\/www.chiesedisicilia.org\/chiesedisicilia\/news\/wp-json\/wp\/v2\/posts\/4661"}],"collection":[{"href":"https:\/\/www.chiesedisicilia.org\/chiesedisicilia\/news\/wp-json\/wp\/v2\/posts"}],"about":[{"href":"https:\/\/www.chiesedisicilia.org\/chiesedisicilia\/news\/wp-json\/wp\/v2\/types\/post"}],"author":[{"embeddable":true,"href":"https:\/\/www.chiesedisicilia.org\/chiesedisicilia\/news\/wp-json\/wp\/v2\/users\/1"}],"replies":[{"embeddable":true,"href":"https:\/\/www.chiesedisicilia.org\/chiesedisicilia\/news\/wp-json\/wp\/v2\/comments?post=4661"}],"version-history":[{"count":1,"href":"https:\/\/www.chiesedisicilia.org\/chiesedisicilia\/news\/wp-json\/wp\/v2\/posts\/4661\/revisions"}],"predecessor-version":[{"id":23119,"href":"https:\/\/www.chiesedisicilia.org\/chiesedisicilia\/news\/wp-json\/wp\/v2\/posts\/4661\/revisions\/23119"}],"wp:attachment":[{"href":"https:\/\/www.chiesedisicilia.org\/chiesedisicilia\/news\/wp-json\/wp\/v2\/media?parent=4661"}],"wp:term":[{"taxonomy":"category","embeddable":true,"href":"https:\/\/www.chiesedisicilia.org\/chiesedisicilia\/news\/wp-json\/wp\/v2\/categories?post=4661"},{"taxonomy":"post_tag","embeddable":true,"href":"https:\/\/www.chiesedisicilia.org\/chiesedisicilia\/news\/wp-json\/wp\/v2\/tags?post=4661"},{"taxonomy":"news-destination","embeddable":true,"href":"https:\/\/www.chiesedisicilia.org\/chiesedisicilia\/news\/wp-json\/wp\/v2\/news-destination?post=4661"},{"taxonomy":"news-source","embeddable":true,"href":"https:\/\/www.chiesedisicilia.org\/chiesedisicilia\/news\/wp-json\/wp\/v2\/news-source?post=4661"},{"taxonomy":"is_homepage","embeddable":true,"href":"https:\/\/www.chiesedisicilia.org\/chiesedisicilia\/news\/wp-json\/wp\/v2\/is_homepage?post=4661"},{"taxonomy":"ta_other","embeddable":true,"href":"https:\/\/www.chiesedisicilia.org\/chiesedisicilia\/news\/wp-json\/wp\/v2\/ta_other?post=4661"}],"curies":[{"name":"wp","href":"https:\/\/api.w.org\/{rel}","templated":true}]}}