{"id":4631,"date":"2012-04-18T20:59:00","date_gmt":"2012-04-18T18:59:00","guid":{"rendered":"http:\/\/wptestsite.tecnavia.com\/chiesedisicilia_clientsite\/news\/2012\/04\/18\/trapani-archivio-storico-a01cpercorsi-della-memoriaa01d\/"},"modified":"2018-11-12T07:58:50","modified_gmt":"2018-01-16T07:58:50","slug":"trapani-archivio-storico-a01cpercorsi-della-memoriaa01d","status":"publish","type":"post","link":"https:\/\/www.chiesedisicilia.org\/2012\/04\/18\/trapani-archivio-storico-a01cpercorsi-della-memoriaa01d\/","title":{"rendered":"TRAPANI. ARCHIVIO STORICO: \u00e201CPERCORSI DELLA MEMORIA\u00e201D"},"content":{"rendered":"<div style=\"text-align: justify; \">Un&#8217;importante mostra documentaria consente di vedere da vicino i pregevoli documenti custoditi nella nuova sede dell&#8217;Archivio storico diocesano presso il secondo piano del Palazzo vescovile in Corso Vittorio Emanuele. L\u2019iniziativa si intitola \u201cPercorsi della memoria. Le famiglie, la societ\u00e0, la devozione nelle carte dell\u2019Archivio storico diocesano\u201d ed \u00e8 realizzata nell\u2019ambito della Settimana della Cultura 2012 che si terr\u00e0 dal 14 al 22 aprile prossimi. Per l\u2019occasione l\u2019archivio propone al pubblico una mostra di documenti dal XV al XIX secolo: carte che illustrano la storia delle famiglie, della societ\u00e0 e della fede nella citt\u00e0 e nel suo territorio sin dalla fine del XV secolo, ben prima dell\u2019erezione della Diocesi, avvenuta nel 1844. Il complesso documentario custodito presso l\u2019Archivio storico diocesano, tuttora poco conosciuto, rappresenta un patrimonio di primaria importanza per la storia religiosa e civile di Trapani e dei Comuni che fanno parte della Diocesi. La mostra sar\u00e0 visitabile dal luned\u00ec al venerd\u00ec dalle 9.30 alle 12.30, il sabato dalle 17.30 alle 19.30 e la domenica dalle 10.30 alle 12.30. Il sabato e la domenica  la Dott.ssa Stefania La Via, Vicedirettore dell&#8217;Archivio, effettuer\u00e0 personalmente, su richiesta, visite guidate anche per piccoli gruppi e sar\u00e0 in ogni caso disponibile per eventuali curiosit\u00e0 o ragguagli sui documenti esposti. [01]<\/div>\n<div>\u00a0<\/div>\n","protected":false},"excerpt":{"rendered":"","protected":false},"author":1,"featured_media":0,"comment_status":"open","ping_status":"open","sticky":false,"template":"","format":"standard","meta":[],"categories":[30],"tags":[],"news-destination":[],"news-source":[],"is_homepage":[],"ta_other":[],"_links":{"self":[{"href":"https:\/\/www.chiesedisicilia.org\/chiesedisicilia\/news\/wp-json\/wp\/v2\/posts\/4631"}],"collection":[{"href":"https:\/\/www.chiesedisicilia.org\/chiesedisicilia\/news\/wp-json\/wp\/v2\/posts"}],"about":[{"href":"https:\/\/www.chiesedisicilia.org\/chiesedisicilia\/news\/wp-json\/wp\/v2\/types\/post"}],"author":[{"embeddable":true,"href":"https:\/\/www.chiesedisicilia.org\/chiesedisicilia\/news\/wp-json\/wp\/v2\/users\/1"}],"replies":[{"embeddable":true,"href":"https:\/\/www.chiesedisicilia.org\/chiesedisicilia\/news\/wp-json\/wp\/v2\/comments?post=4631"}],"version-history":[{"count":1,"href":"https:\/\/www.chiesedisicilia.org\/chiesedisicilia\/news\/wp-json\/wp\/v2\/posts\/4631\/revisions"}],"predecessor-version":[{"id":23090,"href":"https:\/\/www.chiesedisicilia.org\/chiesedisicilia\/news\/wp-json\/wp\/v2\/posts\/4631\/revisions\/23090"}],"wp:attachment":[{"href":"https:\/\/www.chiesedisicilia.org\/chiesedisicilia\/news\/wp-json\/wp\/v2\/media?parent=4631"}],"wp:term":[{"taxonomy":"category","embeddable":true,"href":"https:\/\/www.chiesedisicilia.org\/chiesedisicilia\/news\/wp-json\/wp\/v2\/categories?post=4631"},{"taxonomy":"post_tag","embeddable":true,"href":"https:\/\/www.chiesedisicilia.org\/chiesedisicilia\/news\/wp-json\/wp\/v2\/tags?post=4631"},{"taxonomy":"news-destination","embeddable":true,"href":"https:\/\/www.chiesedisicilia.org\/chiesedisicilia\/news\/wp-json\/wp\/v2\/news-destination?post=4631"},{"taxonomy":"news-source","embeddable":true,"href":"https:\/\/www.chiesedisicilia.org\/chiesedisicilia\/news\/wp-json\/wp\/v2\/news-source?post=4631"},{"taxonomy":"is_homepage","embeddable":true,"href":"https:\/\/www.chiesedisicilia.org\/chiesedisicilia\/news\/wp-json\/wp\/v2\/is_homepage?post=4631"},{"taxonomy":"ta_other","embeddable":true,"href":"https:\/\/www.chiesedisicilia.org\/chiesedisicilia\/news\/wp-json\/wp\/v2\/ta_other?post=4631"}],"curies":[{"name":"wp","href":"https:\/\/api.w.org\/{rel}","templated":true}]}}