{"id":4614,"date":"2012-01-25T21:19:00","date_gmt":"2012-01-25T20:19:00","guid":{"rendered":"http:\/\/wptestsite.tecnavia.com\/chiesedisicilia_clientsite\/news\/2012\/01\/25\/trapani-giornalisti-siate-fieri-nella-liberta\/"},"modified":"2018-11-12T07:58:50","modified_gmt":"2018-01-16T07:58:50","slug":"trapani-giornalisti-siate-fieri-nella-liberta","status":"publish","type":"post","link":"https:\/\/www.chiesedisicilia.org\/2012\/01\/25\/trapani-giornalisti-siate-fieri-nella-liberta\/","title":{"rendered":"TRAPANI. GIORNALISTI: &#8220;SIATE FIERI, NELLA LIBERTA'&#8221;"},"content":{"rendered":"<div>\n<div style=\"text-align: justify\">\u201cIn tempi angosciosi come quelli in cui viviamo c\u2019\u00e8 un S.O.S. che come Chiesa vorremmo lanciarvi: aiutateci a riappropriarci della speranza\u201d. \u00c8 questo l\u2019appello che mons, Francesco Miccich\u00e8, vescovo di Trapani, ha lanciato oggi, marted\u00ec 24 gennaio, ai giornalisti in occasione della festa del loro patrono San Francesco di Sales. \u201cNon ci \u00e8 lecito dipingere tutto con tinte fosche, accarezzare il malcontento, blandire la rabbia senza andare al fondo della realt\u00e0 e chiedersi: dove stiamo andando? C\u2019\u00e8 una gravissima responsabilit\u00e0 che hanno gli operatori della comunicazione nel proporre una cultura piuttosto che un\u2019altra, nel promuovere un dibattito su temi forti e veri, nel raccontare la realt\u00e0 com\u2019essa \u00e8, provando a spiegarla senza lasciarsi prendere dal vuoto di una corrente che fa del vuoto del pensiero appunto, e del qualunquismo del \u201ccopia e incolla\u201d il suo paradigma \u2013 ha detto il presule &#8211; C\u2019\u00e8 un dettato della vostra deontologia professionale che unisce i principi della vostra professione con il messaggio della Chiesa: la necessit\u00e0 di verificare le notizie, di avere a cuore sempre e comunque la verit\u00e0, di custodire il rispetto per ogni uomo o donna soprattutto i pi\u00f9 deboli, di non far prevalere nell\u2019informazione gli interessi di parte ma sempre e comunque le ragioni del bene comune. Quella a cui siete votati \u2013 ha evidenziato mons. Miccich\u00e8 \u2013 \u00e8 una missione che sa di sacro\u201d. [01]<\/div>\n<div style=\"text-align: justify\">\u00a0<\/div>\n<\/div>\n","protected":false},"excerpt":{"rendered":"","protected":false},"author":1,"featured_media":0,"comment_status":"open","ping_status":"open","sticky":false,"template":"","format":"standard","meta":[],"categories":[30],"tags":[],"news-destination":[],"news-source":[],"is_homepage":[],"ta_other":[],"_links":{"self":[{"href":"https:\/\/www.chiesedisicilia.org\/chiesedisicilia\/news\/wp-json\/wp\/v2\/posts\/4614"}],"collection":[{"href":"https:\/\/www.chiesedisicilia.org\/chiesedisicilia\/news\/wp-json\/wp\/v2\/posts"}],"about":[{"href":"https:\/\/www.chiesedisicilia.org\/chiesedisicilia\/news\/wp-json\/wp\/v2\/types\/post"}],"author":[{"embeddable":true,"href":"https:\/\/www.chiesedisicilia.org\/chiesedisicilia\/news\/wp-json\/wp\/v2\/users\/1"}],"replies":[{"embeddable":true,"href":"https:\/\/www.chiesedisicilia.org\/chiesedisicilia\/news\/wp-json\/wp\/v2\/comments?post=4614"}],"version-history":[{"count":1,"href":"https:\/\/www.chiesedisicilia.org\/chiesedisicilia\/news\/wp-json\/wp\/v2\/posts\/4614\/revisions"}],"predecessor-version":[{"id":23077,"href":"https:\/\/www.chiesedisicilia.org\/chiesedisicilia\/news\/wp-json\/wp\/v2\/posts\/4614\/revisions\/23077"}],"wp:attachment":[{"href":"https:\/\/www.chiesedisicilia.org\/chiesedisicilia\/news\/wp-json\/wp\/v2\/media?parent=4614"}],"wp:term":[{"taxonomy":"category","embeddable":true,"href":"https:\/\/www.chiesedisicilia.org\/chiesedisicilia\/news\/wp-json\/wp\/v2\/categories?post=4614"},{"taxonomy":"post_tag","embeddable":true,"href":"https:\/\/www.chiesedisicilia.org\/chiesedisicilia\/news\/wp-json\/wp\/v2\/tags?post=4614"},{"taxonomy":"news-destination","embeddable":true,"href":"https:\/\/www.chiesedisicilia.org\/chiesedisicilia\/news\/wp-json\/wp\/v2\/news-destination?post=4614"},{"taxonomy":"news-source","embeddable":true,"href":"https:\/\/www.chiesedisicilia.org\/chiesedisicilia\/news\/wp-json\/wp\/v2\/news-source?post=4614"},{"taxonomy":"is_homepage","embeddable":true,"href":"https:\/\/www.chiesedisicilia.org\/chiesedisicilia\/news\/wp-json\/wp\/v2\/is_homepage?post=4614"},{"taxonomy":"ta_other","embeddable":true,"href":"https:\/\/www.chiesedisicilia.org\/chiesedisicilia\/news\/wp-json\/wp\/v2\/ta_other?post=4614"}],"curies":[{"name":"wp","href":"https:\/\/api.w.org\/{rel}","templated":true}]}}