{"id":4553,"date":"2011-03-29T10:43:00","date_gmt":"2011-03-29T08:43:00","guid":{"rendered":"http:\/\/wptestsite.tecnavia.com\/chiesedisicilia_clientsite\/news\/2011\/03\/29\/trapani-lazione-cattolica-sulla-giornata-per-la-pace-e-i-diritti-umani\/"},"modified":"2018-11-12T07:58:49","modified_gmt":"2018-01-16T07:58:49","slug":"trapani-lazione-cattolica-sulla-giornata-per-la-pace-e-i-diritti-umani","status":"publish","type":"post","link":"https:\/\/www.chiesedisicilia.org\/2011\/03\/29\/trapani-lazione-cattolica-sulla-giornata-per-la-pace-e-i-diritti-umani\/","title":{"rendered":"TRAPANI. L&#8217;AZIONE CATTOLICA SULLA GIORNATA PER LA PACE E I DIRITTI UMANI"},"content":{"rendered":"<div>In occasione della Giornata di preghiera per la pace e i diritti umani indetta per oggi, domenica 27 Marzo, dal vescovo mons. Francesco Miccich\u00e8, l&#8217;Azione cattolica diocesana di Trapani si unisce alla preghiera sperando che in Libia si arrivi presto ad un cessate il fuoco. \u201cIl conflitto che da diversi giorni insanguina la Libia, con il relativo coinvolgimento delle nazioni occidentali, pone una serie di interrogativi che non possiamo ignorare \u2013 dicono dalla Presidenza di Azione cattolica &#8211; in primo luogo la questione delle rivoluzioni in atto nel Nord Africa e in altri paesi arabi, dove i popoli si ribellano a regimi che hanno governato per anni ignorando le istanze di libert\u00e0 della propria gente. Accadimenti che devono essere interpretati, ma soprattutto ci devono trovare attenti: questi cambiamenti sono segni dei tempi e come cristiani, chiamati anche a dialogare con i credenti nelle altre fedi, dobbiamo essere pronti a trovare un terreno comune per costruire un futuro migliore per i nostri figli. In particolare ci\u00f2 vale per la crisi libica, che per noi italiani ha anche altri risvolti che non possiamo ignorare: risvolti legati al nostro passato, alla vicinanza geografica e, per quanto attiene all\u2019attualit\u00e0, il dramma dei profughi che arrivano nel nostro paese in cerca di un domani pi\u00f9 sicuro, e, poi, la questione energetica e le sue ricadute sulla nostra economia \u2013 si legge in una nota stampa &#8211; vogliamo sperare che l\u2019intervento internazionale in terra libica riesca nell\u2019obiettivo immediato di far cessare il fuoco e impedire al regime libico atrocit\u00e0 contro la popolazione.\u00a0\u00c8 necessario che tale intervento sia depurato da motivazioni di ordine esclusivamente economico-commerciale, e che le azioni militari, sempre foriere di povert\u00e0 e sofferenza per l\u2019inerme popolazione civile, siano subordinate all\u2019iniziativa diplomatica e politica delle Nazioni Unite. In ogni caso, le azioni militari abbiano a cuore, come sottolineato da papa Benedetto XVI, \u201canzitutto l\u2019incolumit\u00e0 e la sicurezza dei cittadini\u201d e \u201cl\u2019accesso ai soccorsi umanitari\u201c. L\u2019Azione Cattolica di Trapani chiede che \u201cun\u2019autentica unione d\u2019intenti in sede internazionale, unita al pieno riconoscimento della libert\u00e0 del popolo libico, sia la strada maestra per una soluzione democratica e positiva per il futuro del paese. Come cristiani non possiamo che affidare alla preghiera questo nostro auspicio, nella certezza che il Signore della pace sapr\u00e0 guidare le menti e i cuori dei responsabili perch\u00e9 siano soprattutto operatori di giustizia e di solidariet\u00e0, vicini al popolo libico che soffre e spera. La nostra preghiera \u2013 conclude la Presidenza di Ac &#8211; \u00e8 per i tanti popoli sofferenti nel mondo coinvolti in conflitti dimenticati o oscurati nei media\u201d. [01]<\/p>\n<div>\u00a0<\/div>\n<\/div>\n","protected":false},"excerpt":{"rendered":"","protected":false},"author":1,"featured_media":0,"comment_status":"open","ping_status":"open","sticky":false,"template":"","format":"standard","meta":[],"categories":[30],"tags":[],"news-destination":[],"news-source":[],"is_homepage":[],"ta_other":[],"_links":{"self":[{"href":"https:\/\/www.chiesedisicilia.org\/chiesedisicilia\/news\/wp-json\/wp\/v2\/posts\/4553"}],"collection":[{"href":"https:\/\/www.chiesedisicilia.org\/chiesedisicilia\/news\/wp-json\/wp\/v2\/posts"}],"about":[{"href":"https:\/\/www.chiesedisicilia.org\/chiesedisicilia\/news\/wp-json\/wp\/v2\/types\/post"}],"author":[{"embeddable":true,"href":"https:\/\/www.chiesedisicilia.org\/chiesedisicilia\/news\/wp-json\/wp\/v2\/users\/1"}],"replies":[{"embeddable":true,"href":"https:\/\/www.chiesedisicilia.org\/chiesedisicilia\/news\/wp-json\/wp\/v2\/comments?post=4553"}],"version-history":[{"count":1,"href":"https:\/\/www.chiesedisicilia.org\/chiesedisicilia\/news\/wp-json\/wp\/v2\/posts\/4553\/revisions"}],"predecessor-version":[{"id":23016,"href":"https:\/\/www.chiesedisicilia.org\/chiesedisicilia\/news\/wp-json\/wp\/v2\/posts\/4553\/revisions\/23016"}],"wp:attachment":[{"href":"https:\/\/www.chiesedisicilia.org\/chiesedisicilia\/news\/wp-json\/wp\/v2\/media?parent=4553"}],"wp:term":[{"taxonomy":"category","embeddable":true,"href":"https:\/\/www.chiesedisicilia.org\/chiesedisicilia\/news\/wp-json\/wp\/v2\/categories?post=4553"},{"taxonomy":"post_tag","embeddable":true,"href":"https:\/\/www.chiesedisicilia.org\/chiesedisicilia\/news\/wp-json\/wp\/v2\/tags?post=4553"},{"taxonomy":"news-destination","embeddable":true,"href":"https:\/\/www.chiesedisicilia.org\/chiesedisicilia\/news\/wp-json\/wp\/v2\/news-destination?post=4553"},{"taxonomy":"news-source","embeddable":true,"href":"https:\/\/www.chiesedisicilia.org\/chiesedisicilia\/news\/wp-json\/wp\/v2\/news-source?post=4553"},{"taxonomy":"is_homepage","embeddable":true,"href":"https:\/\/www.chiesedisicilia.org\/chiesedisicilia\/news\/wp-json\/wp\/v2\/is_homepage?post=4553"},{"taxonomy":"ta_other","embeddable":true,"href":"https:\/\/www.chiesedisicilia.org\/chiesedisicilia\/news\/wp-json\/wp\/v2\/ta_other?post=4553"}],"curies":[{"name":"wp","href":"https:\/\/api.w.org\/{rel}","templated":true}]}}