{"id":4490,"date":"2017-11-09T11:10:00","date_gmt":"2017-11-09T10:10:00","guid":{"rendered":"http:\/\/wptestsite.tecnavia.com\/chiesedisicilia_clientsite\/news\/2017\/11\/09\/siracusa-larcivescovo-mons-pappalardo-festeggia-nove-anni-di-ministero-episcopale-in-diocesi\/"},"modified":"2018-11-12T07:58:48","modified_gmt":"2018-01-16T07:58:48","slug":"siracusa-larcivescovo-mons-pappalardo-festeggia-nove-anni-di-ministero-episcopale-in-diocesi","status":"publish","type":"post","link":"https:\/\/www.chiesedisicilia.org\/2017\/11\/09\/siracusa-larcivescovo-mons-pappalardo-festeggia-nove-anni-di-ministero-episcopale-in-diocesi\/","title":{"rendered":"SIRACUSA. L&#8217;ARCIVESCOVO MONS. PAPPALARDO FESTEGGIA NOVE ANNI DI MINISTERO EPISCOPALE IN DIOCESI"},"content":{"rendered":"<div><span style=\"font-size: medium;\"><span style=\"font-family: \"Times New Roman\";\"><span style=\"background-image: initial; background-position: initial; background-size: initial; background-repeat: initial; background-attachment: initial; background-origin: initial; background-clip: initial;\">La comunit\u00e0 diocesana di Siracusa festeggia, mercoled\u00ec 8 novembre 2017, \u00a0il nono anniversario dell\u2019inizio del ministero pastorale dell\u2019arcivescovo, mons. Salvatore Pappalardo, con una celebrazione eucaristica in programma alle 18.30 nella cattedrale di piazza Duomo. \u201cNella ricorrenza ognuno di noi avr\u00e0 modo di esprimergli la propria stima ed affetto \u2013 dice il vicario generale dell\u2019arcidiocesi, mons. Sebastiano Amenta \u2013 ma a nome della comunit\u00e0 diocesana desidero formulare al nostro pastore i nostri sinceri e cordiali auguri con alcune espressioni tratte dal discorso che Papa Francesco ha rivolto all\u2019episcopato della Colombia all\u2019inizio della visita pastorale dello scorso mese di settembre. In quell\u2019occasione il Papa ha esordito ricordando che il motto dato alla visita era \u2018Fare il primo passo\u2019, perch\u00e9 \u2018Dio \u00e8 il Signore del primo passo. Egli ci anticipa sempre. Tutta la Sacra Scrittura parla di Dio come esiliato da S\u00e9 stesso per amore\u2019. Poi, continuando, diceva: \u2018Custodite dunque, con santo timore e con commozione, quel primo passo di Dio verso di voi e, per mezzo del vostro ministero, verso la gente che vi \u00e8 stata affidata, nella consapevolezza di essere voi stessi sacramento vivente di quella libert\u00e0 divina che non ha paura di uscire da s\u00e9 stessa per amore, che non teme di impoverirsi mentre si dona, che non ha necessit\u00e0 di altra forza che l\u2019amore\u2019\u201d. \u201cIn questi anni abbiamo sperimentato come il nostro vescovo \u2013 continua Amenta \u2013 abbia sempre preceduto i nostri passi con il suo ministero del primo passo. Invochiamo il Signore affinch\u00e9 lo custodisca nel suo amore ed illumini il nostro cammino di Chiesa sul sentiero che, attraverso il suo servizio episcopale, lo Spirito Santo continua a tracciare\u201d.<\/span><span style=\"background-image: initial; background-position: initial; background-size: initial; background-repeat: initial; background-attachment: initial; background-origin: initial; background-clip: initial;\"> [01]<\/span><\/span><\/span><span style=\"font-size:12.0pt;font-family:\"Times New Roman\",\"serif\"\"><o:p><\/o:p><\/span><\/div>\n","protected":false},"excerpt":{"rendered":"","protected":false},"author":1,"featured_media":0,"comment_status":"open","ping_status":"open","sticky":false,"template":"","format":"standard","meta":[],"categories":[30],"tags":[],"news-destination":[],"news-source":[],"is_homepage":[],"ta_other":[],"_links":{"self":[{"href":"https:\/\/www.chiesedisicilia.org\/chiesedisicilia\/news\/wp-json\/wp\/v2\/posts\/4490"}],"collection":[{"href":"https:\/\/www.chiesedisicilia.org\/chiesedisicilia\/news\/wp-json\/wp\/v2\/posts"}],"about":[{"href":"https:\/\/www.chiesedisicilia.org\/chiesedisicilia\/news\/wp-json\/wp\/v2\/types\/post"}],"author":[{"embeddable":true,"href":"https:\/\/www.chiesedisicilia.org\/chiesedisicilia\/news\/wp-json\/wp\/v2\/users\/1"}],"replies":[{"embeddable":true,"href":"https:\/\/www.chiesedisicilia.org\/chiesedisicilia\/news\/wp-json\/wp\/v2\/comments?post=4490"}],"version-history":[{"count":1,"href":"https:\/\/www.chiesedisicilia.org\/chiesedisicilia\/news\/wp-json\/wp\/v2\/posts\/4490\/revisions"}],"predecessor-version":[{"id":22954,"href":"https:\/\/www.chiesedisicilia.org\/chiesedisicilia\/news\/wp-json\/wp\/v2\/posts\/4490\/revisions\/22954"}],"wp:attachment":[{"href":"https:\/\/www.chiesedisicilia.org\/chiesedisicilia\/news\/wp-json\/wp\/v2\/media?parent=4490"}],"wp:term":[{"taxonomy":"category","embeddable":true,"href":"https:\/\/www.chiesedisicilia.org\/chiesedisicilia\/news\/wp-json\/wp\/v2\/categories?post=4490"},{"taxonomy":"post_tag","embeddable":true,"href":"https:\/\/www.chiesedisicilia.org\/chiesedisicilia\/news\/wp-json\/wp\/v2\/tags?post=4490"},{"taxonomy":"news-destination","embeddable":true,"href":"https:\/\/www.chiesedisicilia.org\/chiesedisicilia\/news\/wp-json\/wp\/v2\/news-destination?post=4490"},{"taxonomy":"news-source","embeddable":true,"href":"https:\/\/www.chiesedisicilia.org\/chiesedisicilia\/news\/wp-json\/wp\/v2\/news-source?post=4490"},{"taxonomy":"is_homepage","embeddable":true,"href":"https:\/\/www.chiesedisicilia.org\/chiesedisicilia\/news\/wp-json\/wp\/v2\/is_homepage?post=4490"},{"taxonomy":"ta_other","embeddable":true,"href":"https:\/\/www.chiesedisicilia.org\/chiesedisicilia\/news\/wp-json\/wp\/v2\/ta_other?post=4490"}],"curies":[{"name":"wp","href":"https:\/\/api.w.org\/{rel}","templated":true}]}}