{"id":4475,"date":"2016-11-17T15:05:00","date_gmt":"2016-11-17T14:05:00","guid":{"rendered":"http:\/\/wptestsite.tecnavia.com\/chiesedisicilia_clientsite\/news\/2016\/11\/17\/siracusa-il-misericordioso-incontro-per-la-pace\/"},"modified":"2018-11-12T07:58:48","modified_gmt":"2018-01-16T07:58:48","slug":"siracusa-il-misericordioso-incontro-per-la-pace","status":"publish","type":"post","link":"https:\/\/www.chiesedisicilia.org\/2016\/11\/17\/siracusa-il-misericordioso-incontro-per-la-pace\/","title":{"rendered":"SIRACUSA. &#8220;IL MISERICORDIOSO&#8221;: INCONTRO PER LA PACE"},"content":{"rendered":"<div><span style=\"font-size: medium;\"><span style=\"font-family: \"Times New Roman\";\">Promuovere i valori della pace, della tolleranza, della riconciliazione del dialogo tra le religioni e i popoli. \u00c8 uno degli obiettivi dell&#8217;incontro per la pace che avr\u00e0 luogo sabato 19 novembre nella Basilica Santuario della Madonna delle lacrime a Siracusa. L&#8217;incontro, giunto alla sua 18\u00aa edizione, ha come titolo &#8220;Il Misericordioso&#8221;. Tra i protagonisti, i rappresentanti delle tre religioni monoteiste che spiegheranno cosa significa misericordia per il loro Dio.<\/span><\/span><span style=\"font-size:12.0pt;font-family:\"Times New Roman\",\"serif\"\"><o:p><\/o:p><\/span><\/div>\n<div><span style=\"font-size: medium;\"><span style=\"font-family: \"Times New Roman\";\">Alle ore 9.30, nella cripta del Santuario, si inizier\u00e0 con il saluto del rettore del Santuario della Madonna delle Lacrime, don Aurelio Russo. Interverr\u00e0 padre Gian Matteo Roggio, docente alla Pontificia facolt\u00e0 Teologica Marianum di Roma. Quindi uno spazio dedicato ai giovani che costruiscono la pace con don Giuseppe Fausciana, responsabile della Pastorale universitaria della diocesi di Piazza Armerina. Il saluto ai giovani sar\u00e0 dato dall&#8217;arcivescovo emerito di Luebo e secondo segretario particolare del pontefice San Giovanni Paolo II, mons. Emery Kabongo Kanundowi, attuale canonico della Basilica di San Pietro in Vaticano. Nel pomeriggio, alle ore 14.30, apertura del Santuario e passaggio dalla Porta Santa. Alle ore 15, il rosario della pace a cui seguir\u00e0 il saluto dell&#8217;arcivescovo di Siracusa, mons. Salvatore Pappalardo. Seguiranno i tre interventi dei rappresentanti delle tre religioni: Eli Tauber, vice presidente della comunit\u00e0 ebraica della Bosnia Erzegovina, padre Gian Matteo Roggio e Adnane Mokrani, docente di islamistica alla Pontificia Universit\u00e0 Gregoriana di Roma.<\/span><\/span><span style=\"font-size:12.0pt;font-family:\"Times New Roman\",\"serif\"\"><o:p><\/o:p><\/span><\/div>\n<div><span style=\"font-size: medium;\"><span style=\"font-family: \"Times New Roman\";\">Durante l&#8217;incontro la cerimonia di custodia del fuoco della fede che avr\u00e0 luogo nella cripta di San Marciano nella chiesa di San Giovanni alle catacombe. La giornata si concluder\u00e0 con la messa e l&#8217;adorazione eucaristica. [01]\u00a0<\/span><\/span><span style=\"font-size:12.0pt;font-family:\"Times New Roman\",\"serif\"\"><o:p><\/o:p><\/span><\/div>\n","protected":false},"excerpt":{"rendered":"","protected":false},"author":1,"featured_media":0,"comment_status":"open","ping_status":"open","sticky":false,"template":"","format":"standard","meta":[],"categories":[30],"tags":[],"news-destination":[],"news-source":[],"is_homepage":[],"ta_other":[],"_links":{"self":[{"href":"https:\/\/www.chiesedisicilia.org\/chiesedisicilia\/news\/wp-json\/wp\/v2\/posts\/4475"}],"collection":[{"href":"https:\/\/www.chiesedisicilia.org\/chiesedisicilia\/news\/wp-json\/wp\/v2\/posts"}],"about":[{"href":"https:\/\/www.chiesedisicilia.org\/chiesedisicilia\/news\/wp-json\/wp\/v2\/types\/post"}],"author":[{"embeddable":true,"href":"https:\/\/www.chiesedisicilia.org\/chiesedisicilia\/news\/wp-json\/wp\/v2\/users\/1"}],"replies":[{"embeddable":true,"href":"https:\/\/www.chiesedisicilia.org\/chiesedisicilia\/news\/wp-json\/wp\/v2\/comments?post=4475"}],"version-history":[{"count":1,"href":"https:\/\/www.chiesedisicilia.org\/chiesedisicilia\/news\/wp-json\/wp\/v2\/posts\/4475\/revisions"}],"predecessor-version":[{"id":22940,"href":"https:\/\/www.chiesedisicilia.org\/chiesedisicilia\/news\/wp-json\/wp\/v2\/posts\/4475\/revisions\/22940"}],"wp:attachment":[{"href":"https:\/\/www.chiesedisicilia.org\/chiesedisicilia\/news\/wp-json\/wp\/v2\/media?parent=4475"}],"wp:term":[{"taxonomy":"category","embeddable":true,"href":"https:\/\/www.chiesedisicilia.org\/chiesedisicilia\/news\/wp-json\/wp\/v2\/categories?post=4475"},{"taxonomy":"post_tag","embeddable":true,"href":"https:\/\/www.chiesedisicilia.org\/chiesedisicilia\/news\/wp-json\/wp\/v2\/tags?post=4475"},{"taxonomy":"news-destination","embeddable":true,"href":"https:\/\/www.chiesedisicilia.org\/chiesedisicilia\/news\/wp-json\/wp\/v2\/news-destination?post=4475"},{"taxonomy":"news-source","embeddable":true,"href":"https:\/\/www.chiesedisicilia.org\/chiesedisicilia\/news\/wp-json\/wp\/v2\/news-source?post=4475"},{"taxonomy":"is_homepage","embeddable":true,"href":"https:\/\/www.chiesedisicilia.org\/chiesedisicilia\/news\/wp-json\/wp\/v2\/is_homepage?post=4475"},{"taxonomy":"ta_other","embeddable":true,"href":"https:\/\/www.chiesedisicilia.org\/chiesedisicilia\/news\/wp-json\/wp\/v2\/ta_other?post=4475"}],"curies":[{"name":"wp","href":"https:\/\/api.w.org\/{rel}","templated":true}]}}