{"id":4446,"date":"2015-07-30T13:11:00","date_gmt":"2015-07-30T11:11:00","guid":{"rendered":"http:\/\/wptestsite.tecnavia.com\/chiesedisicilia_clientsite\/news\/2015\/07\/30\/siracusa-un-castello-nel-cuore-la-vita-di-teresa-davila\/"},"modified":"2018-11-12T07:58:48","modified_gmt":"2018-01-16T07:58:48","slug":"siracusa-un-castello-nel-cuore-la-vita-di-teresa-davila","status":"publish","type":"post","link":"https:\/\/www.chiesedisicilia.org\/2015\/07\/30\/siracusa-un-castello-nel-cuore-la-vita-di-teresa-davila\/","title":{"rendered":"SIRACUSA. &#8220;UN CASTELLO NEL CUORE&#8221;: LA VITA DI TERESA D\u2019AVILA"},"content":{"rendered":"<div><span style=\"font-size:12.0pt;font-family:\" times=\"\" new=\"\"><span style=\"font-size: medium;\"><span style=\"font-family: 'Times New Roman';\">\u201cUn castello nel cuore \u2013 Teresa d\u2019Avila\u201d \u00e8 il titolo di un&#8217;opera teatrale promossa dal Movimento ecclesiale carmelitano, in collaborazione con la Compagnia Argot Produzioni. Lo spettacolo si sviluppa nella particolare occasione del V centenario della nascita di una delle pi\u00f9 grandi figure mistiche della storia della Chiesa e sar\u00e0 messo in scena sabato 25 luglio 2015, alle ore 21.00, nella chiesa Santa Lucia alla Badia.. <br \/> \u201cSi tratta di testi significativi, di un cammino interiore che ha segnato la conversione di molti cristiani&#8221;, spiega mons. Salvatore Marino, parroco della Cattedrale, il quale ha messo a disposizione la location, un tempo annessa al monastero. \u201cHo voluto fortemente questo spettacolo \u2013 ha detto l\u2019assessore al turismo, Francesco Italia \u2013 per l\u2019alto valore spirituale. Il Comune di Siracusa insieme ai comuni del comprensorio ibleo intende dare vita ad \u00a0una serie di percorsi sul turismo religioso\u201d.<\/span><\/span><o:p><\/o:p><\/span><\/div>\n<div><span style=\"font-size: medium;\"><span style=\"font-family: 'Times New Roman';\">Teresa de Humada, nota con il nome religioso Teresa di Ges\u00f9, vissuta nella Spagna del secolo d\u2019oro, (nata nel 1515), era una monaca di clausura dell\u2019Ordine della Beata Vergine del Monte Carmelo. Riformatrice del ramo femminile dell\u2019Ordine e di quello maschile, poi affidato a San Giovanni della Croce. A questo eccezionale percorso spirituale accompagnato anche da fenomeni mistici, si deve la canonizzazione a soli 40 anni dalla morte. Teresa \u00e8 stata la prima donna in assoluto ad essere proclamata dottore della Chiesa.<br \/> \u201cLa bellezza e la grandezza di Teresa sta proprio in questo: non era solo una monaca, ma era innanzitutto una donna, con la forza e la passione che l\u2019essere donna comporta \u2013 dice Maria Luisa Manni del Mec, Movimento ecclesiale carmelitano -. Teresa era una indipendente e intraprendente, libera dalle convenzioni sociali del tempo e dalla paura di essere giudicata. Bisogna tenere presente che si sta parlando del 1500, quando la donna, come diceva un detto spagnolo, \u201csi muoveva come la gallina, dalla casa alla vicina\u201d. Invece vediamo Teresa sempre in movimento, tutta dedita all\u2019opera di fondazione di ben 13 monasteri femminili e 17 maschili. Teresa \u00e8 una figura di donna emancipata, che potrebbe sembrare enormemente contraddittoria, dato che parliamo non solo di una donna del 500\u2019 ma di una monaca di clausura, che tanto ha da dire alle donne di oggi. Era un\u2019amica, pronta a spendersi per le persone che incontrava sul suo cammino. \u00a0Era Madre per le sue monache, una Madre comprensiva, equilibrata ma anche attenta a spronare le sue figlie alle quali raccomandava di amare Dio in cucina e fra le pentole, e tutte le persone che la incrociavano ad amare senza posa chi per amor loro non aveva esitato a donare Se Stesso. Ci\u00f2 che rende Teresa vicina a noi oggi \u00e8 proprio la sua grande umanit\u00e0, che trae la sua forza e bellezza dall\u2019amore appassionato per l\u2019Umanit\u00e0 di Cristo, suo Sposo. La storia della vita di Teresa racconta infondo la storia di un grande amore. Sta proprio in questo l\u2019attualit\u00e0 del suo messaggio. La Santa descrive il percorso che ogni uomo deve fare, passando dalle varie stanze del Castello, per conoscersi davvero e scoprirsi capace di amare\u201d.<br \/> \u201cIl Castello nella visione di Teresa \u2013 spiega Salvatrice Profeta del Movimento ecclesiale carmelitano -, non \u00e8 nient\u2019altro che il cuore dell\u2019uomo, il quale lungi dall\u2019essere vuoto, si vede abitato dal Dio Vivente, che lo ha scelto come Sua dimora. Teresa descrive una serie di tappe, le sette dimore che conducono alla stanza centrale, quella del Matrimonio mistico con Dio. La bellezza e l\u2019attualit\u00e0 del messaggio di Teresa sta nel fatto che ciascuno di noi attraversa queste tappe della vita, che rischiano di farci dare risposte sbagliate, di bloccarci, di impedirci di trovare la giusta direzione. Ma sono proprio questi momenti ad essere occasione di crescita e di miglioramento, verso una conoscenza e consapevolezza maggiore del proprio io, con le sue debolezze ma anche con la sua grande capacit\u00e0 di amare. L\u2019interpretazione della protagonista, Pamela Villoresi, attrice di livello internazionale e tra le pi\u00f9 celebri attrici del teatro italiano (e per altro membro del cast principale de &#8220;La grande bellezza&#8221;, che ha vinto l\u2019Oscar nel 2014, riesce a rendere il personaggio di Teresa vivo, plastico. Un incontro quello tra Teresa e l\u2019attrice avvenuto 35 anni fa ad Avila, dove la Villoresi rimase profondamente colpita dalla maest\u00e0 e dall\u2019energia della statua di Teresa all\u2019ingresso della citt\u00e0. Un incontro potente che innesc\u00f2 il desiderio di parlare di Teresa anche a teatro. Da qui la realizzazione di questa opera teatrale\u201d. [01]<\/span><\/span><span style=\"font-size:12.0pt;font-family:\" times=\"\" new=\"\"><o:p><\/o:p><\/span><\/div>\n","protected":false},"excerpt":{"rendered":"","protected":false},"author":1,"featured_media":0,"comment_status":"open","ping_status":"open","sticky":false,"template":"","format":"standard","meta":[],"categories":[30],"tags":[],"news-destination":[],"news-source":[],"is_homepage":[],"ta_other":[],"_links":{"self":[{"href":"https:\/\/www.chiesedisicilia.org\/chiesedisicilia\/news\/wp-json\/wp\/v2\/posts\/4446"}],"collection":[{"href":"https:\/\/www.chiesedisicilia.org\/chiesedisicilia\/news\/wp-json\/wp\/v2\/posts"}],"about":[{"href":"https:\/\/www.chiesedisicilia.org\/chiesedisicilia\/news\/wp-json\/wp\/v2\/types\/post"}],"author":[{"embeddable":true,"href":"https:\/\/www.chiesedisicilia.org\/chiesedisicilia\/news\/wp-json\/wp\/v2\/users\/1"}],"replies":[{"embeddable":true,"href":"https:\/\/www.chiesedisicilia.org\/chiesedisicilia\/news\/wp-json\/wp\/v2\/comments?post=4446"}],"version-history":[{"count":1,"href":"https:\/\/www.chiesedisicilia.org\/chiesedisicilia\/news\/wp-json\/wp\/v2\/posts\/4446\/revisions"}],"predecessor-version":[{"id":22911,"href":"https:\/\/www.chiesedisicilia.org\/chiesedisicilia\/news\/wp-json\/wp\/v2\/posts\/4446\/revisions\/22911"}],"wp:attachment":[{"href":"https:\/\/www.chiesedisicilia.org\/chiesedisicilia\/news\/wp-json\/wp\/v2\/media?parent=4446"}],"wp:term":[{"taxonomy":"category","embeddable":true,"href":"https:\/\/www.chiesedisicilia.org\/chiesedisicilia\/news\/wp-json\/wp\/v2\/categories?post=4446"},{"taxonomy":"post_tag","embeddable":true,"href":"https:\/\/www.chiesedisicilia.org\/chiesedisicilia\/news\/wp-json\/wp\/v2\/tags?post=4446"},{"taxonomy":"news-destination","embeddable":true,"href":"https:\/\/www.chiesedisicilia.org\/chiesedisicilia\/news\/wp-json\/wp\/v2\/news-destination?post=4446"},{"taxonomy":"news-source","embeddable":true,"href":"https:\/\/www.chiesedisicilia.org\/chiesedisicilia\/news\/wp-json\/wp\/v2\/news-source?post=4446"},{"taxonomy":"is_homepage","embeddable":true,"href":"https:\/\/www.chiesedisicilia.org\/chiesedisicilia\/news\/wp-json\/wp\/v2\/is_homepage?post=4446"},{"taxonomy":"ta_other","embeddable":true,"href":"https:\/\/www.chiesedisicilia.org\/chiesedisicilia\/news\/wp-json\/wp\/v2\/ta_other?post=4446"}],"curies":[{"name":"wp","href":"https:\/\/api.w.org\/{rel}","templated":true}]}}