{"id":4437,"date":"2015-06-04T17:23:00","date_gmt":"2015-06-04T15:23:00","guid":{"rendered":"http:\/\/wptestsite.tecnavia.com\/chiesedisicilia_clientsite\/news\/2015\/06\/04\/siracusa-accogliamoci-lun-laltro-amate-il-forestiero\/"},"modified":"2018-11-12T07:58:48","modified_gmt":"2018-01-16T07:58:48","slug":"siracusa-accogliamoci-lun-laltro-amate-il-forestiero","status":"publish","type":"post","link":"https:\/\/www.chiesedisicilia.org\/2015\/06\/04\/siracusa-accogliamoci-lun-laltro-amate-il-forestiero\/","title":{"rendered":"SIRACUSA. &#8220;ACCOGLIAMOCI L\u2019UN L\u2019ALTRO &#8211; AMATE IL FORESTIERO&#8221;"},"content":{"rendered":"<div><span style=\"font-size:12.0pt;font-family:\"Times New Roman\",\"serif\"\"><span style=\"font-size: medium;\"><span style=\"font-family: 'Times New Roman';\">&#8220;Accogliamoci l\u2019un l\u2019altro &#8211;\u00a0<em>Amate il forestiero (Dt 10,19)<\/em><em><span style=\"font-style: normal;\">&#8220;<\/span>\u00a0<\/em>\u00e8 il titolo del convegno ecumenico ed interreligioso che avr\u00e0 luogo marted\u00ec 2 giugno 2015, a partire dalle ore 9.00, all&#8217;Istituto di Scienze Religiose &#8220;San Metodio&#8221; di via della Conciliazione, a Siracusa.<\/span><\/span><o:p><\/o:p><\/span><\/div>\n<div><span style=\"font-size: medium;\"><span style=\"font-family: 'Times New Roman';\">&#8220;Il fenomeno dei migranti oggi come in altre epoche storiche &#8211; si legge nella nota stampa diffusa dall&#8217;Ufficio per le Comunicazioni sociali dell&#8217;Arcidiocesi &#8211; \u00e8 un segno dei tempi, e interpella credenti e non\u00a0credenti a risolvere il problema della ospitalit\u00e0 e dell\u2019accoglienza.\u00a0Il Convegno mira a verificare come le varie religioni e il pensiero laico sentono oggi il problema dello straniero,\u00a0del diverso, dell\u2019altro, e quali soluzioni propongono, per facilitare un cammino di comprensione e di convivenza\u00a0pacifica in un mondo pi\u00f9 vivibile, perch\u00e9 i processi migratori in atto sono uno degli elementi che pongono in modo nuovo la questione dell\u2019incontro con lo straniero. Un convegno &#8211; prosegue la nota &#8211; per far memoria, a quasi tre anni dalla scomparsa di padre Arcangelo Rigazzi, sacerdote impegnato da sempre nell\u2019accoglienza del diverso, dell\u2019ultimo, dello straniero&#8221;.<\/span><\/span><span style=\"font-size:12.0pt;font-family:\"Times New Roman\",\"serif\"\"><o:p><\/o:p><\/span><\/div>\n<div><span style=\"font-size: medium;\"><span style=\"font-family: 'Times New Roman';\">Interverranno, tra gli altri: mons. Vincenzo Bertolone, arcivescovo di Catanzaro e Squillace; Cristiano Bettega, direttore dell\u2019Ufficio nazionale per il Dialogo interreligioso; Daniele Garrone, biblista, pastore valdese; Gianpaolo Anderlini, biblista, redazione di QOL; Marco Mazzeo, componente dell\u2019Ufficio ecumenismo e Dialogo interreligioso dell&#8217;Arcidiocesi di Siracusa; Bruno Segre, ricercatore e operatore culturale indipendente; Mostafa El Ayoubi, caporedattore di &#8220;Confronti&#8221;; Brunetto Salvarani, teologo e biblista, direttore di QOL; Giuseppe Mazzotta, direttore dell&#8217;Ufficio diocesano per ,l&#8217;Apostolato del mare; Raffaello Zini Biblista, Redazione di QOL.<br \/> Il convegno si aprir\u00e0 con il saluto di mons. Salvatore Pappalardo, arcivescovo di Siracusa. Le conclusioni saranno di Luigi Corciulo, direttore dell\u2019Ufficio diocesano per le Migrazioni.<br \/> L\u2019incontro \u00e8<em>\u00a0<\/em>organizzato da tre uffici pastorali dell\u2019arcidiocesi di Siracusa &#8211; l\u2019Ufficio diocesano per le Migrazioni,\u00a0l\u2019Ufficio diocesano per l\u2019Apostolato del mare, l\u2019Ufficio diocesano per l\u2019Ecumenismo e il Dialogo interreligioso &#8211; e\u00a0dalla rivista di studi biblici ed ecumenici QOL, e promosso dall\u2019Unedi, Ufficio nazionale per l\u2019Ecumenismo e il\u00a0Dialogo Interreligioso, e dall\u2019Uredi, Ufficio regionale per l\u2019Ecumenismo e il Dialogo Interreligioso. [01]<\/span><\/span><span style=\"font-size:12.0pt;font-family:\"Times New Roman\",\"serif\"\"><o:p><\/o:p><\/span><\/div>\n","protected":false},"excerpt":{"rendered":"","protected":false},"author":1,"featured_media":0,"comment_status":"open","ping_status":"open","sticky":false,"template":"","format":"standard","meta":[],"categories":[30],"tags":[],"news-destination":[],"news-source":[],"is_homepage":[],"ta_other":[],"_links":{"self":[{"href":"https:\/\/www.chiesedisicilia.org\/chiesedisicilia\/news\/wp-json\/wp\/v2\/posts\/4437"}],"collection":[{"href":"https:\/\/www.chiesedisicilia.org\/chiesedisicilia\/news\/wp-json\/wp\/v2\/posts"}],"about":[{"href":"https:\/\/www.chiesedisicilia.org\/chiesedisicilia\/news\/wp-json\/wp\/v2\/types\/post"}],"author":[{"embeddable":true,"href":"https:\/\/www.chiesedisicilia.org\/chiesedisicilia\/news\/wp-json\/wp\/v2\/users\/1"}],"replies":[{"embeddable":true,"href":"https:\/\/www.chiesedisicilia.org\/chiesedisicilia\/news\/wp-json\/wp\/v2\/comments?post=4437"}],"version-history":[{"count":1,"href":"https:\/\/www.chiesedisicilia.org\/chiesedisicilia\/news\/wp-json\/wp\/v2\/posts\/4437\/revisions"}],"predecessor-version":[{"id":22902,"href":"https:\/\/www.chiesedisicilia.org\/chiesedisicilia\/news\/wp-json\/wp\/v2\/posts\/4437\/revisions\/22902"}],"wp:attachment":[{"href":"https:\/\/www.chiesedisicilia.org\/chiesedisicilia\/news\/wp-json\/wp\/v2\/media?parent=4437"}],"wp:term":[{"taxonomy":"category","embeddable":true,"href":"https:\/\/www.chiesedisicilia.org\/chiesedisicilia\/news\/wp-json\/wp\/v2\/categories?post=4437"},{"taxonomy":"post_tag","embeddable":true,"href":"https:\/\/www.chiesedisicilia.org\/chiesedisicilia\/news\/wp-json\/wp\/v2\/tags?post=4437"},{"taxonomy":"news-destination","embeddable":true,"href":"https:\/\/www.chiesedisicilia.org\/chiesedisicilia\/news\/wp-json\/wp\/v2\/news-destination?post=4437"},{"taxonomy":"news-source","embeddable":true,"href":"https:\/\/www.chiesedisicilia.org\/chiesedisicilia\/news\/wp-json\/wp\/v2\/news-source?post=4437"},{"taxonomy":"is_homepage","embeddable":true,"href":"https:\/\/www.chiesedisicilia.org\/chiesedisicilia\/news\/wp-json\/wp\/v2\/is_homepage?post=4437"},{"taxonomy":"ta_other","embeddable":true,"href":"https:\/\/www.chiesedisicilia.org\/chiesedisicilia\/news\/wp-json\/wp\/v2\/ta_other?post=4437"}],"curies":[{"name":"wp","href":"https:\/\/api.w.org\/{rel}","templated":true}]}}