{"id":4368,"date":"2013-05-09T13:44:00","date_gmt":"2013-05-09T11:44:00","guid":{"rendered":"http:\/\/wptestsite.tecnavia.com\/chiesedisicilia_clientsite\/news\/2013\/05\/09\/siracusa-santa-lucia-del-patrocinio-arriva-la-reliquia-di-santagata\/"},"modified":"2018-11-12T07:58:46","modified_gmt":"2018-01-16T07:58:46","slug":"siracusa-santa-lucia-del-patrocinio-arriva-la-reliquia-di-santagata","status":"publish","type":"post","link":"https:\/\/www.chiesedisicilia.org\/2013\/05\/09\/siracusa-santa-lucia-del-patrocinio-arriva-la-reliquia-di-santagata\/","title":{"rendered":"SIRACUSA. SANTA LUCIA DEL PATROCINIO: ARRIVA LA RELIQUIA DI SANT&#8217;AGATA"},"content":{"rendered":"<p class=\"MsoNormal\"><span style=\"font-family: 'Times New Roman';\"><span style=\"font-size: 12pt;\">La reliquia del velo di Sant\u2019Agata sar\u00e0 portata a Siracusa dall\u2019Arcivescovo di Catania mons. Salvatore Gristina nella Festa di Santa Lucia\u00a0<\/span><span style=\"font-size: 12pt;\">del Patrocinio, oggi, domenica 5 maggio. \u00c8 una delle novit\u00e0 della festa che ricorda il miracolo avvenuto nel 1646 quando in citt\u00e0 divamp\u00f2 la carestia interrotta dall\u2019arrivo nel porto di navi cariche di grano.<\/span><\/span><\/p>\n<p class=\"MsoNormal\"><span style=\"font-family: 'Times New Roman';\"><span style=\"font-size: 12pt;\">La festa di Santa Lucia di maggio, anche detta delle quaglie, \u00e8 stata presentata dal presidente della Deputazione della Cappella di Santa Lucia, Giuseppe Piccione. \u201cVivremo un gemellaggio tra le due martiri. Mi piace dire che oggi come allora Siracusa \u00e8 in un momento di grave difficolt\u00e0 e la vergine martire interverr\u00e0 in aiuto dei siracusani. Due donne martiri si uniscono per proteggere le citt\u00e0\u201d. Il presidente Piccione ha anticipato un altro evento: \u201cVogliamo organizzare dal prossimo anno il raduno di tutte le comunit\u00e0 luciane nel mondo: il primo sabato di maggio tutte a Siracusa per confrontarsi e riflettere nel nome di Lucia\u201d.<\/span><\/span><span style=\"font-size: 12pt;\"><o:p><\/o:p><\/span><\/p>\n<p class=\"MsoNormal\"><span style=\"font-family: 'Times New Roman';\"><span style=\"font-size: 12pt;\">Il programma della Festa del Patrocinio ha preso il via venerd\u00ec 3 maggio con l\u2019apertura della nicchia che contiene il simulacro della Patrona. Ieri, sabato, la traslazione dalla cappella all\u2019altare maggiore e in serata un momento di riflessione dedicato ai giovani tenuto da don Nisi Candido, direttore dell\u2019Istituto di Scienze religiose San Metodio. Oggi la festa con la presenza dell\u2019arcivescovo mons. Gristina e la reliquia del velo, secondo la tradizione usato da una donna per coprire la Santa durante il martirio con i carboni ardenti. Poi la processione che porter\u00e0 il simulacro dalla Cattedrale alla chiesa di Santa Lucia alla Badia. Domenica prossima, 12 maggio, sar\u00e0 celebrata l\u2019Ottava. Accanto al programma religioso, \u00e8 previsto anche un calendario di eventi collaterali di carattere culturale, artistico e sportivo. [01]<\/span><\/span><span style=\"font-size:12.0pt;font-family:\" times=\"\" new=\"\"><o:p><\/o:p><\/span><\/p>\n","protected":false},"excerpt":{"rendered":"","protected":false},"author":1,"featured_media":0,"comment_status":"open","ping_status":"open","sticky":false,"template":"","format":"standard","meta":[],"categories":[30],"tags":[],"news-destination":[],"news-source":[],"is_homepage":[],"ta_other":[],"_links":{"self":[{"href":"https:\/\/www.chiesedisicilia.org\/chiesedisicilia\/news\/wp-json\/wp\/v2\/posts\/4368"}],"collection":[{"href":"https:\/\/www.chiesedisicilia.org\/chiesedisicilia\/news\/wp-json\/wp\/v2\/posts"}],"about":[{"href":"https:\/\/www.chiesedisicilia.org\/chiesedisicilia\/news\/wp-json\/wp\/v2\/types\/post"}],"author":[{"embeddable":true,"href":"https:\/\/www.chiesedisicilia.org\/chiesedisicilia\/news\/wp-json\/wp\/v2\/users\/1"}],"replies":[{"embeddable":true,"href":"https:\/\/www.chiesedisicilia.org\/chiesedisicilia\/news\/wp-json\/wp\/v2\/comments?post=4368"}],"version-history":[{"count":1,"href":"https:\/\/www.chiesedisicilia.org\/chiesedisicilia\/news\/wp-json\/wp\/v2\/posts\/4368\/revisions"}],"predecessor-version":[{"id":22833,"href":"https:\/\/www.chiesedisicilia.org\/chiesedisicilia\/news\/wp-json\/wp\/v2\/posts\/4368\/revisions\/22833"}],"wp:attachment":[{"href":"https:\/\/www.chiesedisicilia.org\/chiesedisicilia\/news\/wp-json\/wp\/v2\/media?parent=4368"}],"wp:term":[{"taxonomy":"category","embeddable":true,"href":"https:\/\/www.chiesedisicilia.org\/chiesedisicilia\/news\/wp-json\/wp\/v2\/categories?post=4368"},{"taxonomy":"post_tag","embeddable":true,"href":"https:\/\/www.chiesedisicilia.org\/chiesedisicilia\/news\/wp-json\/wp\/v2\/tags?post=4368"},{"taxonomy":"news-destination","embeddable":true,"href":"https:\/\/www.chiesedisicilia.org\/chiesedisicilia\/news\/wp-json\/wp\/v2\/news-destination?post=4368"},{"taxonomy":"news-source","embeddable":true,"href":"https:\/\/www.chiesedisicilia.org\/chiesedisicilia\/news\/wp-json\/wp\/v2\/news-source?post=4368"},{"taxonomy":"is_homepage","embeddable":true,"href":"https:\/\/www.chiesedisicilia.org\/chiesedisicilia\/news\/wp-json\/wp\/v2\/is_homepage?post=4368"},{"taxonomy":"ta_other","embeddable":true,"href":"https:\/\/www.chiesedisicilia.org\/chiesedisicilia\/news\/wp-json\/wp\/v2\/ta_other?post=4368"}],"curies":[{"name":"wp","href":"https:\/\/api.w.org\/{rel}","templated":true}]}}