{"id":4347,"date":"2018-10-04T13:42:00","date_gmt":"2018-10-04T11:42:00","guid":{"rendered":"http:\/\/wptestsite.tecnavia.com\/chiesedisicilia_clientsite\/news\/2018\/10\/04\/ragusa-chiesa-tra-la-gente-con-la-gioia-del-vangelo\/"},"modified":"2018-11-12T07:58:45","modified_gmt":"2018-01-16T07:58:45","slug":"ragusa-chiesa-tra-la-gente-con-la-gioia-del-vangelo","status":"publish","type":"post","link":"https:\/\/www.chiesedisicilia.org\/2018\/10\/04\/ragusa-chiesa-tra-la-gente-con-la-gioia-del-vangelo\/","title":{"rendered":"RAGUSA. \u201cCHIESA TRA LA GENTE CON LA GIOIA DEL VANGELO\u201d"},"content":{"rendered":"<div><span style=\"font-family: \"Times New Roman\"; font-size: medium;\">\u201cChiesa tra la gente con la gioia del Vangelo\u201d \u00e8 il tema dell\u2019anno pastorale 2018-2019 della<\/span><font face=\"Times New Roman, serif\"><span style=\"font-size: 16px;\">\u00a0<\/span><\/font><span style=\"font-family: \"Times New Roman\"; font-size: medium;\">diocesi di Ragusa, dettato dal vescovo, mons. Carmelo Cuttitta. Sar\u00e0 approfondito nel corso\u00a0<\/span><span style=\"font-size: medium;\"><span style=\"font-family: \"Times New Roman\";\">dell\u2019assemblea diocesana che si celebrer\u00e0 luned\u00ec 8 ottobre 2018, con inizio alle ore 20, nella cattedrale di San Giovanni Battista. A relazionare sar\u00e0 mons. Nunzio Galantino, presidente\u00a0dell\u2019Amministrazione del Patrimonio della Sede Apostolica (Apsa) e gi\u00e0 segretario\u00a0<\/span><\/span><span style=\"font-size:12.0pt;font-family:\"Times New Roman\",\"serif\"\"><o:p><\/o:p><\/span><span style=\"font-size: medium; font-family: \"Times New Roman\";\">generale della Conferenza episcopale italiana. Mons. Galantino offrir\u00e0 spunti e riflessioni da<\/span><font face=\"Times New Roman, serif\"><span style=\"font-size: 16px;\">\u00a0<\/span><\/font><span style=\"font-family: \"Times New Roman\"; font-size: medium;\">sviluppare, poi, durante l\u2019anno in tutte le comunit\u00e0 parrocchiali della diocesi. Il vescovo, mons. Carmelo Cuttitta, ha cos\u00ec presentato il calendario delle attivit\u00e0 pastorali 2018-2019: \u201cLa Chiesa non pu\u00f2 sentirsi estranea alle problematiche e alle vicende della storia. Essa, in virt\u00f9\u00a0<\/span><span style=\"font-size: medium; font-family: \"Times New Roman\";\">della fedelt\u00e0 all\u2019uomo, affidatole da Cristo, \u2018cammina insieme con l\u2019umanit\u00e0, (\u2026) \u00e8 come il<\/span><font face=\"Times New Roman, serif\"><span style=\"font-size: 16px;\">\u00a0<\/span><\/font><span style=\"font-family: \"Times New Roman\"; font-size: medium;\">fermento e quasi l\u2019anima della societ\u00e0 umana, destinata a rinnovarsi in Cristo e a trasformarsi in\u00a0<\/span><span style=\"font-size: medium;\"><span style=\"font-family: \"Times New Roman\";\">famiglia di Dio\u2019 (Gaudium et Spes 40). In questi anni, la Chiesa italiana ha invitato i cristiani alla testimonianza evangelica nella societ\u00e0, con il desiderio di contribuire a renderla pi\u00f9 giusta e solidale. In occasione dell\u2019ultimo Convegno nazionale, tenutosi a Firenze, la nostra Chiesa ha voluto racchiudere in cinque verbi il compito che le \u00e8 stato affidato dal Concilio:<\/span><\/span><span style=\"font-size:12.0pt;font-family:\"Times New Roman\",\"serif\"\"><o:p><\/o:p><\/span><\/div>\n<div><span style=\"font-size: medium;\"><span style=\"font-family: \"Times New Roman\";\"><!--[if !supportLists]-->&#8211;<span style=\"font-variant-numeric: normal; font-variant-east-asian: normal; font-stretch: normal; line-height: normal;\">\u00a0\u00a0\u00a0\u00a0\u00a0\u00a0\u00a0\u00a0\u00a0 <\/span><!--[endif]--><b>Uscire<\/b>, per conoscere ed incontrare la gente nei luoghi dove essa abita, lavora, soffre, s\u2019incontra;<\/span><\/span><span style=\"font-size:12.0pt;font-family:\"Times New Roman\",\"serif\"\"><o:p><\/o:p><\/span><\/div>\n<div><span style=\"font-size: medium;\"><span style=\"font-family: \"Times New Roman\";\"><!--[if !supportLists]-->&#8211;<span style=\"font-variant-numeric: normal; font-variant-east-asian: normal; font-stretch: normal; line-height: normal;\">\u00a0\u00a0\u00a0\u00a0\u00a0\u00a0\u00a0\u00a0\u00a0 <\/span><!--[endif]--><b>Annunciare<\/b> la Parola di Cristo, il solo che pu\u00f2 guarire il cuore, convertire la vita e comunicarci autentica gioia;<\/span><\/span><span style=\"font-size:12.0pt;font-family:\"Times New Roman\",\"serif\"\"><o:p><\/o:p><\/span><\/div>\n<div><span style=\"font-size: medium;\"><span style=\"font-family: \"Times New Roman\";\"><!--[if !supportLists]-->&#8211;<span style=\"font-variant-numeric: normal; font-variant-east-asian: normal; font-stretch: normal; line-height: normal;\">\u00a0\u00a0\u00a0\u00a0\u00a0\u00a0\u00a0\u00a0\u00a0 <\/span><!--[endif]--><b>Abitare<\/b>, ossia, vivere fino in fondo le problematiche sociali e politiche, dando un convinto<\/span><\/span><span style=\"font-size:12.0pt;font-family:\"Times New Roman\",\"serif\"\"><o:p><\/o:p><\/span><\/div>\n<div><span style=\"font-size: medium;\"><span style=\"font-family: \"Times New Roman\";\">contributo alla costruzione del bene comune;<\/span><\/span><span style=\"font-size:12.0pt;font-family:\"Times New Roman\",\"serif\"\"><o:p><\/o:p><\/span><\/div>\n<div><span style=\"font-size: medium;\"><span style=\"font-family: \"Times New Roman\";\"><!--[if !supportLists]-->&#8211;<span style=\"font-variant-numeric: normal; font-variant-east-asian: normal; font-stretch: normal; line-height: normal;\">\u00a0\u00a0\u00a0\u00a0\u00a0\u00a0\u00a0\u00a0\u00a0 <\/span><!--[endif]--><b>Educare<\/b>, rinnovando il nostro impegno e le modalit\u00e0 educative per un\u2019efficace e costante<\/span><\/span><span style=\"font-size:12.0pt;font-family:\"Times New Roman\",\"serif\"\"><o:p><\/o:p><\/span><\/div>\n<div><span style=\"font-size: medium;\"><span style=\"font-family: \"Times New Roman\";\">accompagnamento, soprattutto delle giovani generazioni;<\/span><\/span><span style=\"font-size:12.0pt;font-family:\"Times New Roman\",\"serif\"\"><o:p><\/o:p><\/span><\/div>\n<div><span style=\"font-size: medium;\"><span style=\"font-family: \"Times New Roman\";\"><!--[if !supportLists]-->&#8211;<span style=\"font-variant-numeric: normal; font-variant-east-asian: normal; font-stretch: normal; line-height: normal;\">\u00a0\u00a0\u00a0\u00a0\u00a0\u00a0\u00a0\u00a0\u00a0 <\/span><!--[endif]--><b>Trasfigurare<\/b> il volto della societ\u00e0, impegnandoci a promuovere mentalit\u00e0 e prassi ispirate a<\/span><\/span><span style=\"font-size:12.0pt;font-family:\"Times New Roman\",\"serif\"\"><o:p><\/o:p><\/span><\/div>\n<div><span style=\"font-size: medium;\"><span style=\"font-family: \"Times New Roman\";\">giustizia e misericordia.<\/span><\/span><span style=\"font-size:12.0pt;font-family:\"Times New Roman\",\"serif\"\"><o:p><\/o:p><\/span><\/div>\n<div><span style=\"font-size: medium; font-family: \"Times New Roman\";\">Le nostre Comunit\u00e0 parrocchiali, quindi, sono invitate a vivere una dinamica di uscita,<\/span><font face=\"Times New Roman, serif\"><span style=\"font-size: 16px;\">\u00a0<\/span><\/font><span style=\"font-family: \"Times New Roman\"; font-size: medium;\">condivisione e annuncio, facendo sentire la propria presenza alla gente del territorio. La\u00a0<\/span><span style=\"font-size: medium;\"><span style=\"font-family: \"Times New Roman\";\">Chiesa, infatti, \u00e8 chiamata ad essere sempre pi\u00f9 discepola e missionaria, con lo sguardo rivolto al\u00a0<\/span><\/span><span style=\"font-family: \"Times New Roman\"; font-size: medium;\">suo Signore, per seguirne l\u2019insegnamento e le orme, e con un cuore accogliente, capace di\u00a0<\/span><span style=\"font-size: medium; font-family: \"Times New Roman\";\">ascoltare e prendersi cura delle \u201cferite\u201d della gente. Le nostre parrocchie, allora, ripensino ogni<\/span><font face=\"Times New Roman, serif\"><span style=\"font-size: 16px;\">\u00a0<\/span><\/font><span style=\"font-family: \"Times New Roman\"; font-size: medium;\">azione ecclesiale, dando centralit\u00e0 alla Parola di Dio e alimentando un rinnovato spirito\u00a0<\/span><span style=\"font-size: medium;\"><span style=\"font-family: \"Times New Roman\";\">missionario. Carissimi presbiteri, consacrati\/e e fedeli laici \u2013 conclude il presule -, vi esorto a testimoniare la gioia di appartenere al Signore, di essere stati chiamati a rimanere in Lui e di essere stati inviati per annunciare e guarire (cf Lc 9,2). Auguro a tutti e a ciascuno un buon anno pastorale!\u201d. [01]<\/span><\/span><span style=\"font-size:12.0pt;font-family:\"Times New Roman\",\"serif\"\"><o:p><\/o:p><\/span><\/div>\n","protected":false},"excerpt":{"rendered":"","protected":false},"author":1,"featured_media":0,"comment_status":"open","ping_status":"open","sticky":false,"template":"","format":"standard","meta":[],"categories":[30],"tags":[],"news-destination":[],"news-source":[],"is_homepage":[],"ta_other":[],"_links":{"self":[{"href":"https:\/\/www.chiesedisicilia.org\/chiesedisicilia\/news\/wp-json\/wp\/v2\/posts\/4347"}],"collection":[{"href":"https:\/\/www.chiesedisicilia.org\/chiesedisicilia\/news\/wp-json\/wp\/v2\/posts"}],"about":[{"href":"https:\/\/www.chiesedisicilia.org\/chiesedisicilia\/news\/wp-json\/wp\/v2\/types\/post"}],"author":[{"embeddable":true,"href":"https:\/\/www.chiesedisicilia.org\/chiesedisicilia\/news\/wp-json\/wp\/v2\/users\/1"}],"replies":[{"embeddable":true,"href":"https:\/\/www.chiesedisicilia.org\/chiesedisicilia\/news\/wp-json\/wp\/v2\/comments?post=4347"}],"version-history":[{"count":1,"href":"https:\/\/www.chiesedisicilia.org\/chiesedisicilia\/news\/wp-json\/wp\/v2\/posts\/4347\/revisions"}],"predecessor-version":[{"id":22813,"href":"https:\/\/www.chiesedisicilia.org\/chiesedisicilia\/news\/wp-json\/wp\/v2\/posts\/4347\/revisions\/22813"}],"wp:attachment":[{"href":"https:\/\/www.chiesedisicilia.org\/chiesedisicilia\/news\/wp-json\/wp\/v2\/media?parent=4347"}],"wp:term":[{"taxonomy":"category","embeddable":true,"href":"https:\/\/www.chiesedisicilia.org\/chiesedisicilia\/news\/wp-json\/wp\/v2\/categories?post=4347"},{"taxonomy":"post_tag","embeddable":true,"href":"https:\/\/www.chiesedisicilia.org\/chiesedisicilia\/news\/wp-json\/wp\/v2\/tags?post=4347"},{"taxonomy":"news-destination","embeddable":true,"href":"https:\/\/www.chiesedisicilia.org\/chiesedisicilia\/news\/wp-json\/wp\/v2\/news-destination?post=4347"},{"taxonomy":"news-source","embeddable":true,"href":"https:\/\/www.chiesedisicilia.org\/chiesedisicilia\/news\/wp-json\/wp\/v2\/news-source?post=4347"},{"taxonomy":"is_homepage","embeddable":true,"href":"https:\/\/www.chiesedisicilia.org\/chiesedisicilia\/news\/wp-json\/wp\/v2\/is_homepage?post=4347"},{"taxonomy":"ta_other","embeddable":true,"href":"https:\/\/www.chiesedisicilia.org\/chiesedisicilia\/news\/wp-json\/wp\/v2\/ta_other?post=4347"}],"curies":[{"name":"wp","href":"https:\/\/api.w.org\/{rel}","templated":true}]}}