{"id":4344,"date":"2018-07-03T09:50:00","date_gmt":"2018-07-03T07:50:00","guid":{"rendered":"http:\/\/wptestsite.tecnavia.com\/chiesedisicilia_clientsite\/news\/2018\/07\/03\/ragusa-corridoi-umanitari-il-vescovo-carmelo-cuttitta-ce-ancora-un-po-di-umanita-2\/"},"modified":"2018-11-12T07:58:45","modified_gmt":"2018-01-16T07:58:45","slug":"ragusa-corridoi-umanitari-il-vescovo-carmelo-cuttitta-ce-ancora-un-po-di-umanita-2","status":"publish","type":"post","link":"https:\/\/www.chiesedisicilia.org\/2018\/07\/03\/ragusa-corridoi-umanitari-il-vescovo-carmelo-cuttitta-ce-ancora-un-po-di-umanita-2\/","title":{"rendered":"RAGUSA. CORRIDOI UMANITARI: IL VESCOVO CARMELO CUTTITTA: &#8220;C\u2019E&#8217; ANCORA UN PO\u2019 DI UMANITA'&#8221;"},"content":{"rendered":"<div><span style=\"font-size: medium;\"><span style=\"font-family: \"Times New Roman\";\"><span style=\"background-image: initial; background-position: initial; background-size: initial; background-repeat: initial; background-attachment: initial; background-origin: initial; background-clip: initial;\">Sono arrivati a Ragusa otto profughi provenienti con un volo diretto dall\u2019Eritrea accolti dalla Diocesi attraverso l\u2019attivazione dei corridoi umanitari. Una via sicura, legale, senza costi per lo Stato e senza business per i trafficanti. Ragusa \u00e8 una delle circa venti Diocesi che, per volont\u00e0 del vescovo mons. Carmelo Cuttitta, ha deciso di aderire al protocollo di intesa con lo Stato italiano, siglato dalla Comunit<\/span><span lang=\"FR\" style=\"background-image: initial; background-position: initial; background-size: initial; background-repeat: initial; background-attachment: initial; background-origin: initial; background-clip: initial;\">\u00e0 <\/span><span style=\"background-image: initial; background-position: initial; background-size: initial; background-repeat: initial; background-attachment: initial; background-origin: initial; background-clip: initial;\">di Sant\u2019Egidio e dalla Conferenza episcopale italiana. Il progetto \u00e8 finanziato solo attraverso i fondi dell\u2019otto per mille della Chiesa Cattolica. <\/span><\/span><\/span><span style=\"font-size: 12pt; font-family: \"Times New Roman\", serif; background-image: initial; background-position: initial; background-size: initial; background-repeat: initial; background-attachment: initial; background-origin: initial; background-clip: initial;\"><o:p><\/o:p><\/span><\/div>\n<div><span style=\"font-size: medium;\"><span style=\"font-family: \"Times New Roman\";\"><span style=\"background-image: initial; background-position: initial; background-size: initial; background-repeat: initial; background-attachment: initial; background-origin: initial; background-clip: initial;\">A Ragusa sono arrivati due nuclei familiari e due giovani. In tutto otto persone che hanno gi\u00e0 espresso al direttore della Caritas, Domenico Leggio, e ad Emiliano Amico, che erano a Roma ad accoglierli, la gioia di aver lasciato alle spalle un inferno durato oltre cinque anni, tra carestia, miseria e paura di non farcela. Ognuno di loro ha sperimentato di tutto: torture, violenze, minacce.<\/span><\/span><\/span><span style=\"font-size: 12pt; font-family: \"Times New Roman\", serif; background-image: initial; background-position: initial; background-size: initial; background-repeat: initial; background-attachment: initial; background-origin: initial; background-clip: initial;\"><o:p><\/o:p><\/span><\/div>\n<div><span style=\"font-size: medium;\"><span style=\"font-family: \"Times New Roman\";\"><span style=\"background-image: initial; background-position: initial; background-size: initial; background-repeat: initial; background-attachment: initial; background-origin: initial; background-clip: initial;\">Due di loro hanno trovato casa nel convento dei padri carmelitani, un altro nucleo familiare in un\u2019abitazione che sar\u00e0 messa a disposizione dalle suore carmelitane, l\u2019altro nucleo in una struttura della Diocesi. Saranno accompagnati in un percorso di inserimento che si prevede non troppo complesso anche perch\u00e9 si tratta di persone che hanno professionalit\u00e0 e titoli di studio che dovrebbero consentire un loro l\u2019accesso al mondo del lavoro. <\/span><\/span><\/span><span style=\"font-size: 12pt; font-family: \"Times New Roman\", serif; background-image: initial; background-position: initial; background-size: initial; background-repeat: initial; background-attachment: initial; background-origin: initial; background-clip: initial;\"><o:p><\/o:p><\/span><\/div>\n<div><span style=\"font-size: medium;\"><span style=\"font-family: \"Times New Roman\";\"><span style=\"background-image: initial; background-position: initial; background-size: initial; background-repeat: initial; background-attachment: initial; background-origin: initial; background-clip: initial;\">Lo strumento dei corridoi umanitari, da sempre indicato dalla Chiesa italiana come il pi\u00f9 sicuro per la gestione legale dei flussi migratori, ha confermato anche in questo caso la sua validit\u00e0. Gi\u00e0 nel novembre scorso, era arrivata a Ragusa, sempre grazie ai corridoi umanitari, una famiglia somala. Ad annunciare l\u2019attivazione dei corridoi umanitari era stato lo stesso vescovo Cuttitta, in occasione dell\u2019anniversario del suo ingresso nella Diocesi di Ragusa. &#8220;Da tutto ci\u00f2 &#8211; ha commentato monsignor Cuttitta &#8211; non abbiamo alcun ritorno se non quello di dimostrare che c\u2019\u00e8 ancora un po\u2019 di umanit\u00e0 che \u00e8 capace di grandi slanci&#8221;. [01]<\/span><\/span><\/span><span style=\"font-size: 12pt; font-family: \"Times New Roman\", serif; background-image: initial; background-position: initial; background-size: initial; background-repeat: initial; background-attachment: initial; background-origin: initial; background-clip: initial;\"><o:p><\/o:p><\/span><\/div>\n","protected":false},"excerpt":{"rendered":"","protected":false},"author":1,"featured_media":0,"comment_status":"open","ping_status":"open","sticky":false,"template":"","format":"standard","meta":[],"categories":[30],"tags":[],"news-destination":[],"news-source":[],"is_homepage":[],"ta_other":[],"_links":{"self":[{"href":"https:\/\/www.chiesedisicilia.org\/chiesedisicilia\/news\/wp-json\/wp\/v2\/posts\/4344"}],"collection":[{"href":"https:\/\/www.chiesedisicilia.org\/chiesedisicilia\/news\/wp-json\/wp\/v2\/posts"}],"about":[{"href":"https:\/\/www.chiesedisicilia.org\/chiesedisicilia\/news\/wp-json\/wp\/v2\/types\/post"}],"author":[{"embeddable":true,"href":"https:\/\/www.chiesedisicilia.org\/chiesedisicilia\/news\/wp-json\/wp\/v2\/users\/1"}],"replies":[{"embeddable":true,"href":"https:\/\/www.chiesedisicilia.org\/chiesedisicilia\/news\/wp-json\/wp\/v2\/comments?post=4344"}],"version-history":[{"count":1,"href":"https:\/\/www.chiesedisicilia.org\/chiesedisicilia\/news\/wp-json\/wp\/v2\/posts\/4344\/revisions"}],"predecessor-version":[{"id":22810,"href":"https:\/\/www.chiesedisicilia.org\/chiesedisicilia\/news\/wp-json\/wp\/v2\/posts\/4344\/revisions\/22810"}],"wp:attachment":[{"href":"https:\/\/www.chiesedisicilia.org\/chiesedisicilia\/news\/wp-json\/wp\/v2\/media?parent=4344"}],"wp:term":[{"taxonomy":"category","embeddable":true,"href":"https:\/\/www.chiesedisicilia.org\/chiesedisicilia\/news\/wp-json\/wp\/v2\/categories?post=4344"},{"taxonomy":"post_tag","embeddable":true,"href":"https:\/\/www.chiesedisicilia.org\/chiesedisicilia\/news\/wp-json\/wp\/v2\/tags?post=4344"},{"taxonomy":"news-destination","embeddable":true,"href":"https:\/\/www.chiesedisicilia.org\/chiesedisicilia\/news\/wp-json\/wp\/v2\/news-destination?post=4344"},{"taxonomy":"news-source","embeddable":true,"href":"https:\/\/www.chiesedisicilia.org\/chiesedisicilia\/news\/wp-json\/wp\/v2\/news-source?post=4344"},{"taxonomy":"is_homepage","embeddable":true,"href":"https:\/\/www.chiesedisicilia.org\/chiesedisicilia\/news\/wp-json\/wp\/v2\/is_homepage?post=4344"},{"taxonomy":"ta_other","embeddable":true,"href":"https:\/\/www.chiesedisicilia.org\/chiesedisicilia\/news\/wp-json\/wp\/v2\/ta_other?post=4344"}],"curies":[{"name":"wp","href":"https:\/\/api.w.org\/{rel}","templated":true}]}}