{"id":4343,"date":"2018-07-03T09:15:00","date_gmt":"2018-07-03T07:15:00","guid":{"rendered":"http:\/\/wptestsite.tecnavia.com\/chiesedisicilia_clientsite\/news\/2018\/07\/03\/ragusa-la-chiesa-popolo-di-dio-che-ascolta-seminario-con-il-vescovo-mario-russotto\/"},"modified":"2018-11-12T07:58:45","modified_gmt":"2018-01-16T07:58:45","slug":"ragusa-la-chiesa-popolo-di-dio-che-ascolta-seminario-con-il-vescovo-mario-russotto","status":"publish","type":"post","link":"https:\/\/www.chiesedisicilia.org\/2018\/07\/03\/ragusa-la-chiesa-popolo-di-dio-che-ascolta-seminario-con-il-vescovo-mario-russotto\/","title":{"rendered":"RAGUSA. \u2018\u2018LA CHIESA POPOLO DI DIO CHE ASCOLTA\u2019\u2019: SEMINARIO CON IL VESCOVO MARIO RUSSOTTO"},"content":{"rendered":"<div><span style=\"font-size: medium;\"><span style=\"font-family: \"Times New Roman\";\"><span style=\"background-image: initial; background-position: initial; background-size: initial; background-repeat: initial; background-attachment: initial; background-origin: initial; background-clip: initial;\">Sar\u00e0 il vescovo di Caltanissetta, monsignor Mario Russotto, a condurre il seminario \u2018\u2018La Chiesa popolo di Dio che ascolta\u2019\u2019, in programma da marted\u00ec 3 a gioved\u00ec 5 luglio 2018, nell\u2019auditorium della parrocchia Sacro Cuore (ex Gesuiti) di Ragusa. L\u2019iniziativa \u00e8 promossa dall\u2019Ufficio catechistico, dall\u2019Ufficio liturgico e dalla Caritas della Diocesi di Ragusa. <\/span><\/span><\/span><span style=\"font-size: 12pt; font-family: \"Times New Roman\", serif; background-image: initial; background-position: initial; background-size: initial; background-repeat: initial; background-attachment: initial; background-origin: initial; background-clip: initial;\"><o:p><\/o:p><\/span><\/div>\n<div><span style=\"font-size: medium;\"><span style=\"font-family: \"Times New Roman\";\"><span style=\"background-image: initial; background-position: initial; background-size: initial; background-repeat: initial; background-attachment: initial; background-origin: initial; background-clip: initial;\">&#8220;L\u2019ascolto e l\u2019annuncio della Parola sono alla radice della comunione ecclesiale. Questo significa che l\u2019ascolto religioso e la proclamazione fiduciosa della Parola \u2013 scrivono gli organizzatori \u2013 \u00a0non costituiscono un aspetto secondario e settoriale della vita e della missione della Chiesa, ma influiscono organicamente su tutta la realt\u00e0 ecclesiale. Una Chiesa in ascolto \u00e8 quindi, una Chiesa disponibile ad ascoltare Dio trinit\u00e0 e l\u2019uomo. Su questo si fonda la capacit\u00e0 della Chiesa di non chiudersi in se stessa ma di aprirsi con fiducia al futuro&#8221;.<\/span><\/span><\/span><span style=\"font-size: 12pt; font-family: \"Times New Roman\", serif; background-image: initial; background-position: initial; background-size: initial; background-repeat: initial; background-attachment: initial; background-origin: initial; background-clip: initial;\"><o:p><\/o:p><\/span><\/div>\n<div><span style=\"font-size: medium;\"><span style=\"font-family: \"Times New Roman\";\"><span style=\"background-image: initial; background-position: initial; background-size: initial; background-repeat: initial; background-attachment: initial; background-origin: initial; background-clip: initial;\">Il punto di riferimento del seminario sar\u00e0 la costituzione dogmatica &#8220;Dei Verbum&#8221; del Concilio Vaticano II. L\u2019importanza del tema ha spinto i promotori ad esortare sacerdoti, diaconi, religiosi, religiose, operatori pastorali, responsabili di movimenti a partecipare a questo momento di comunione e di crescita, nello studio e nell\u2019approfondimento. [01]<\/span><\/span><\/span><span style=\"font-size: 12pt; font-family: \"Times New Roman\", serif; background-image: initial; background-position: initial; background-size: initial; background-repeat: initial; background-attachment: initial; background-origin: initial; background-clip: initial;\"><o:p><\/o:p><\/span><\/div>\n","protected":false},"excerpt":{"rendered":"","protected":false},"author":1,"featured_media":0,"comment_status":"open","ping_status":"open","sticky":false,"template":"","format":"standard","meta":[],"categories":[30],"tags":[],"news-destination":[],"news-source":[],"is_homepage":[],"ta_other":[],"_links":{"self":[{"href":"https:\/\/www.chiesedisicilia.org\/chiesedisicilia\/news\/wp-json\/wp\/v2\/posts\/4343"}],"collection":[{"href":"https:\/\/www.chiesedisicilia.org\/chiesedisicilia\/news\/wp-json\/wp\/v2\/posts"}],"about":[{"href":"https:\/\/www.chiesedisicilia.org\/chiesedisicilia\/news\/wp-json\/wp\/v2\/types\/post"}],"author":[{"embeddable":true,"href":"https:\/\/www.chiesedisicilia.org\/chiesedisicilia\/news\/wp-json\/wp\/v2\/users\/1"}],"replies":[{"embeddable":true,"href":"https:\/\/www.chiesedisicilia.org\/chiesedisicilia\/news\/wp-json\/wp\/v2\/comments?post=4343"}],"version-history":[{"count":1,"href":"https:\/\/www.chiesedisicilia.org\/chiesedisicilia\/news\/wp-json\/wp\/v2\/posts\/4343\/revisions"}],"predecessor-version":[{"id":22809,"href":"https:\/\/www.chiesedisicilia.org\/chiesedisicilia\/news\/wp-json\/wp\/v2\/posts\/4343\/revisions\/22809"}],"wp:attachment":[{"href":"https:\/\/www.chiesedisicilia.org\/chiesedisicilia\/news\/wp-json\/wp\/v2\/media?parent=4343"}],"wp:term":[{"taxonomy":"category","embeddable":true,"href":"https:\/\/www.chiesedisicilia.org\/chiesedisicilia\/news\/wp-json\/wp\/v2\/categories?post=4343"},{"taxonomy":"post_tag","embeddable":true,"href":"https:\/\/www.chiesedisicilia.org\/chiesedisicilia\/news\/wp-json\/wp\/v2\/tags?post=4343"},{"taxonomy":"news-destination","embeddable":true,"href":"https:\/\/www.chiesedisicilia.org\/chiesedisicilia\/news\/wp-json\/wp\/v2\/news-destination?post=4343"},{"taxonomy":"news-source","embeddable":true,"href":"https:\/\/www.chiesedisicilia.org\/chiesedisicilia\/news\/wp-json\/wp\/v2\/news-source?post=4343"},{"taxonomy":"is_homepage","embeddable":true,"href":"https:\/\/www.chiesedisicilia.org\/chiesedisicilia\/news\/wp-json\/wp\/v2\/is_homepage?post=4343"},{"taxonomy":"ta_other","embeddable":true,"href":"https:\/\/www.chiesedisicilia.org\/chiesedisicilia\/news\/wp-json\/wp\/v2\/ta_other?post=4343"}],"curies":[{"name":"wp","href":"https:\/\/api.w.org\/{rel}","templated":true}]}}