{"id":4340,"date":"2018-05-30T11:22:00","date_gmt":"2018-05-30T09:22:00","guid":{"rendered":"http:\/\/wptestsite.tecnavia.com\/chiesedisicilia_clientsite\/news\/2018\/05\/30\/ragusa-la-verita-vi-fara-liberi-il-giornalismo-al-tempo-della-post-verita-e-la-lotta-allodio-nel-web\/"},"modified":"2018-11-12T07:58:45","modified_gmt":"2018-01-16T07:58:45","slug":"ragusa-la-verita-vi-fara-liberi-il-giornalismo-al-tempo-della-post-verita-e-la-lotta-allodio-nel-web","status":"publish","type":"post","link":"https:\/\/www.chiesedisicilia.org\/2018\/05\/30\/ragusa-la-verita-vi-fara-liberi-il-giornalismo-al-tempo-della-post-verita-e-la-lotta-allodio-nel-web\/","title":{"rendered":"RAGUSA. &#8220;LA VERIT\u00c0 VI FAR\u00c0 LIBERI:  IL GIORNALISMO AL TEMPO DELLA POST-VERIT\u00c0 E LA LOTTA ALL\u2019ODIO NEL WEB&#8221;"},"content":{"rendered":"<div><span style=\"font-size:12.0pt;font-family:\"Times New Roman\",\"serif\"\"><span style=\"font-size: medium;\"><span style=\"font-family: \"Times New Roman\";\">&#8220;La verit\u00e0 vi far\u00e0 liberi: il giornalismo al tempo della post-verit\u00e0 e la lotta all\u2019odio nei social network&#8221; \u00e8 il tema del seminario che caratterizzer\u00e0 la Giornata diocesana delle comunicazioni sociali. L\u2019appuntamento \u00e8 in programma venerd\u00ec 1 giugno 2018, alle 17.30, nel salone del Vescovado di Ragusa. A promuoverlo la Diocesi di Ragusa con l\u2019ufficio delle Comunicazioni sociali, la sezione di Ragusa dell\u2019Associazione siciliana della Stampa, l\u2019Unione cattolica della stampa italiana. <\/span><\/span><o:p><\/o:p><\/span><\/div>\n<div><span style=\"font-size: medium;\"><span style=\"font-family: \"Times New Roman\";\">Gli interventi del seminario, autorizzato dall\u2019Ordine dei Giornalisti come evento formativo, saranno affidati al direttore responsabile di \u201cInsieme\u201d don Mario Cascone; all\u2019inviato di \u201cAvvenire\u201d Nello Scavo, autore del libro \u201cFake pope \u2013 le false notizie su Papa Francesco\u201d; al giornalista Bruno Mastroianni, collaboratore Rai, autore del libro \u201cLa disputa felice\u201d (una guida per imparare a sostenere il proprio punto di vista \u2013 sui social network e non solo \u2013 anche davanti a chi non \u00e8 d\u2019accordo con noi, senza litigare, per costruire confronti pieni di gusto e soddisfazione). I lavori, coordinati dal segretario provinciale dell\u2019Assostampa, Gianni Mol\u00e8, e dal direttore dell\u2019ufficio diocesano Comunicazioni sociali, Simone Digrandi, saranno aperti dai saluti del vescovo di Ragusa, monsignor Carmelo Cuttitta, e del consigliere nazionale dell\u2019Ucsi, Salvatore Di Salvo, e introdotti da Alessandro Bongiorno, direttore dell\u2019ufficio stampa della Diocesi di Ragusa.<\/span><\/span><span style=\"font-size:12.0pt;font-family:\"Times New Roman\",\"serif\"\"><o:p><\/o:p><\/span><\/div>\n<div><span style=\"font-size: medium;\"><span style=\"font-family: \"Times New Roman\";\"><span style=\"background-image: initial; background-position: initial; background-size: initial; background-repeat: initial; background-attachment: initial; background-origin: initial; background-clip: initial;\">Il seminario, aperto a tutti, sar\u00e0 l\u2019occasione per entrare dentro un tema di scottante attualit\u00e0, seguendo il messaggio diffuso da Papa Francesco. <span style=\"background-image: initial; background-position: initial; background-size: initial; background-repeat: initial; background-attachment: initial; background-origin: initial; background-clip: initial;\">Il Papa ci invita a liberarci da ci\u00f2 che \u00e8 falso, da ci\u00f2 che rischia di presentarci l\u2019altro come nemico, da ci\u00f2 che pu\u00f2 fomentare conflitti e far dilagare conflitti. &#8220;<\/span>Il miglior antidoto contro le falsit\u00e0 \u2013 scrive il Papa \u2013 non sono le strategie, ma le persone: persone che, libere dalla bramosia, sono pronte all\u2019ascolto e attraverso la fatica di un dialogo sincero lasciano emergere la verit\u00e0; persone che, attratte dal bene, si responsabilizzano nell\u2019uso del linguaggio&#8221;. [01]<\/span><\/span><\/span><span style=\"font-size:12.0pt;font-family:\"Times New Roman\",\"serif\"\"><o:p><\/o:p><\/span><\/div>\n","protected":false},"excerpt":{"rendered":"","protected":false},"author":1,"featured_media":0,"comment_status":"open","ping_status":"open","sticky":false,"template":"","format":"standard","meta":[],"categories":[30],"tags":[],"news-destination":[],"news-source":[],"is_homepage":[],"ta_other":[],"_links":{"self":[{"href":"https:\/\/www.chiesedisicilia.org\/chiesedisicilia\/news\/wp-json\/wp\/v2\/posts\/4340"}],"collection":[{"href":"https:\/\/www.chiesedisicilia.org\/chiesedisicilia\/news\/wp-json\/wp\/v2\/posts"}],"about":[{"href":"https:\/\/www.chiesedisicilia.org\/chiesedisicilia\/news\/wp-json\/wp\/v2\/types\/post"}],"author":[{"embeddable":true,"href":"https:\/\/www.chiesedisicilia.org\/chiesedisicilia\/news\/wp-json\/wp\/v2\/users\/1"}],"replies":[{"embeddable":true,"href":"https:\/\/www.chiesedisicilia.org\/chiesedisicilia\/news\/wp-json\/wp\/v2\/comments?post=4340"}],"version-history":[{"count":1,"href":"https:\/\/www.chiesedisicilia.org\/chiesedisicilia\/news\/wp-json\/wp\/v2\/posts\/4340\/revisions"}],"predecessor-version":[{"id":22806,"href":"https:\/\/www.chiesedisicilia.org\/chiesedisicilia\/news\/wp-json\/wp\/v2\/posts\/4340\/revisions\/22806"}],"wp:attachment":[{"href":"https:\/\/www.chiesedisicilia.org\/chiesedisicilia\/news\/wp-json\/wp\/v2\/media?parent=4340"}],"wp:term":[{"taxonomy":"category","embeddable":true,"href":"https:\/\/www.chiesedisicilia.org\/chiesedisicilia\/news\/wp-json\/wp\/v2\/categories?post=4340"},{"taxonomy":"post_tag","embeddable":true,"href":"https:\/\/www.chiesedisicilia.org\/chiesedisicilia\/news\/wp-json\/wp\/v2\/tags?post=4340"},{"taxonomy":"news-destination","embeddable":true,"href":"https:\/\/www.chiesedisicilia.org\/chiesedisicilia\/news\/wp-json\/wp\/v2\/news-destination?post=4340"},{"taxonomy":"news-source","embeddable":true,"href":"https:\/\/www.chiesedisicilia.org\/chiesedisicilia\/news\/wp-json\/wp\/v2\/news-source?post=4340"},{"taxonomy":"is_homepage","embeddable":true,"href":"https:\/\/www.chiesedisicilia.org\/chiesedisicilia\/news\/wp-json\/wp\/v2\/is_homepage?post=4340"},{"taxonomy":"ta_other","embeddable":true,"href":"https:\/\/www.chiesedisicilia.org\/chiesedisicilia\/news\/wp-json\/wp\/v2\/ta_other?post=4340"}],"curies":[{"name":"wp","href":"https:\/\/api.w.org\/{rel}","templated":true}]}}