{"id":4337,"date":"2018-05-02T11:10:00","date_gmt":"2018-05-02T09:10:00","guid":{"rendered":"http:\/\/wptestsite.tecnavia.com\/chiesedisicilia_clientsite\/news\/2018\/05\/02\/ragusa-convegno-su-sfruttamento-del-lavoro-e-caporalato\/"},"modified":"2018-11-12T07:58:45","modified_gmt":"2018-01-16T07:58:45","slug":"ragusa-convegno-su-sfruttamento-del-lavoro-e-caporalato","status":"publish","type":"post","link":"https:\/\/www.chiesedisicilia.org\/2018\/05\/02\/ragusa-convegno-su-sfruttamento-del-lavoro-e-caporalato\/","title":{"rendered":"RAGUSA. CONVEGNO SU &#8220;SFRUTTAMENTO DEL LAVORO E CAPORALATO&#8221;"},"content":{"rendered":"<div><span style=\"font-size:12.0pt;font-family:\"Times New Roman\",\"serif\";\nmso-fareast-font-family:\"Times New Roman\";mso-fareast-language:IT\"><span style=\"font-size: medium;\"><span style=\"font-family: \"Times New Roman\";\">&#8220;Sfruttamento del lavoro e caporalato: analisi dei fenomeni e delle strategie nazionali e transnazionali per combatterli&#8221; \u00e8 il tema di un convegno che si terr\u00e0 venerd\u00ec 4 maggio 2018, nel saloncino del Vescovado di Ragusa. L\u2019<\/span><\/span><a name=\"_GoBack\"><\/a><span style=\"font-size: medium;\"><span style=\"font-family: \"Times New Roman\";\">evento \u00e8 organizzato dalla diocesi di Ragusa, dal centro Diritto penale europeo, dall&#8217;Ordine forense di Ragusa, dall\u2019ordine professionale degli Assistenti sociali di Ragusa e dalla scuola per assistenti sociali \u201cFrancesco Stagno d&#8217;Alcontres\u201d.<\/span><\/span><o:p><\/o:p><\/span><\/div>\n<div><span style=\"font-size: medium;\"><span style=\"font-family: \"Times New Roman\";\">Interverranno: il professore Francesco Carchedi \u00a0che interverr\u00e0 su &#8220;Schiavit\u00f9 di ritorno: il fenomeno del lavoro gravemente sfruttato&#8221;; il direttore della Caritas diocesana Domenico Leggio su &#8220;Progetto Presidio: un\u2019esperienza concreta nel campo delle tutele dei lavoratori&#8221;, l\u2019avvocato Enrico Schembari che approfondir\u00e0 il tema &#8220;Sfruttamento del lavoro e caporalato: analisi della legislazione nazionale ed europea; il magistrato Andrea Reale che interverr\u00e0 su &#8220;Problematiche giurisprudenziali in tema di sfruttamento del lavoro e caporalato&#8221;; l\u2019europarlamentare Michela Giuffrida che interverr\u00e0 su &#8220;La filiera sporca del cibo: il ruolo del Governo e dell\u2019Unione europea nel contrasto al lavoro sommerso e al caporalato in agricoltura&#8221;.\u00a0<\/span><\/span><span style=\"font-size:12.0pt;font-family:\"Times New Roman\",\"serif\";\nmso-fareast-font-family:\"Times New Roman\";mso-fareast-language:IT\"><o:p><\/o:p><\/span><\/div>\n<div><span style=\"font-size: medium;\"><span style=\"font-family: \"Times New Roman\";\"><span style=\"background-image: initial; background-position: initial; background-size: initial; background-repeat: initial; background-attachment: initial; background-origin: initial; background-clip: initial;\">&#8220;La Diocesi di Ragusa \u00e8 una delle dieci diocesi italiane ad aver attivato, attraverso la Caritas, un presidio fisso. Si trova a Marina di Acate, una zona nella quale sono pi\u00f9 acuti i disagi causati dallo sfruttamento del lavoro agricolo. Il Progetto Presidio &#8211; spiega una nota dell&#8217;Ufficio per le Comunicazioni sociali &#8211; ha come obiettivo quello di garantire una presenza costante in quei territori nei quali \u00e8 pi\u00f9 forte la presenza di lavoratori agricoli attraverso la presenza di operatori Caritas pronti ad offrire, oltre ad un\u2019assistenza per i bisogni pi\u00f9 immediati, anche un\u2019assistenza legale e sanitaria e un aiuto per i documenti di soggiorno e di lavoro. <\/span>Nel corso dell\u2019ultimo anno &#8211; prosegue -, come si evince dai dati diffusi dall\u2019Osservatorio diocesano delle povert\u00e0 e delle risorse, sono state aiutate quasi mille persone (997) che si sono rivolte al Centro ascolto; sono state effettuate 632 visite mediche gratuite; garantita assistenza legale per problemi amministrativi o di lavoro a 75 persone; sono stati seguiti 95 minori (25 dei quali coinvolti anche in un laboratorio teatrale); distribuiti quintali di alimenti, vestiti e coperte. A beneficiarne soprattutto lavoratori romeni (il 49%), ma anche tunisini (23%), albanesi (10%), marocchini (8%), italiani (5%) e di altre nazionalit\u00e0&#8221;. <\/span><\/span><span style=\"font-size:12.0pt;font-family:\"Times New Roman\",\"serif\"\"><o:p><\/o:p><\/span><\/div>\n<div><span style=\"font-size: medium;\"><span style=\"font-family: \"Times New Roman\";\">Il convegno avr\u00e0 inizio alle ore 15. [01]<\/span><\/span><\/div>\n","protected":false},"excerpt":{"rendered":"","protected":false},"author":1,"featured_media":0,"comment_status":"open","ping_status":"open","sticky":false,"template":"","format":"standard","meta":[],"categories":[30],"tags":[],"news-destination":[],"news-source":[],"is_homepage":[],"ta_other":[],"_links":{"self":[{"href":"https:\/\/www.chiesedisicilia.org\/chiesedisicilia\/news\/wp-json\/wp\/v2\/posts\/4337"}],"collection":[{"href":"https:\/\/www.chiesedisicilia.org\/chiesedisicilia\/news\/wp-json\/wp\/v2\/posts"}],"about":[{"href":"https:\/\/www.chiesedisicilia.org\/chiesedisicilia\/news\/wp-json\/wp\/v2\/types\/post"}],"author":[{"embeddable":true,"href":"https:\/\/www.chiesedisicilia.org\/chiesedisicilia\/news\/wp-json\/wp\/v2\/users\/1"}],"replies":[{"embeddable":true,"href":"https:\/\/www.chiesedisicilia.org\/chiesedisicilia\/news\/wp-json\/wp\/v2\/comments?post=4337"}],"version-history":[{"count":1,"href":"https:\/\/www.chiesedisicilia.org\/chiesedisicilia\/news\/wp-json\/wp\/v2\/posts\/4337\/revisions"}],"predecessor-version":[{"id":22799,"href":"https:\/\/www.chiesedisicilia.org\/chiesedisicilia\/news\/wp-json\/wp\/v2\/posts\/4337\/revisions\/22799"}],"wp:attachment":[{"href":"https:\/\/www.chiesedisicilia.org\/chiesedisicilia\/news\/wp-json\/wp\/v2\/media?parent=4337"}],"wp:term":[{"taxonomy":"category","embeddable":true,"href":"https:\/\/www.chiesedisicilia.org\/chiesedisicilia\/news\/wp-json\/wp\/v2\/categories?post=4337"},{"taxonomy":"post_tag","embeddable":true,"href":"https:\/\/www.chiesedisicilia.org\/chiesedisicilia\/news\/wp-json\/wp\/v2\/tags?post=4337"},{"taxonomy":"news-destination","embeddable":true,"href":"https:\/\/www.chiesedisicilia.org\/chiesedisicilia\/news\/wp-json\/wp\/v2\/news-destination?post=4337"},{"taxonomy":"news-source","embeddable":true,"href":"https:\/\/www.chiesedisicilia.org\/chiesedisicilia\/news\/wp-json\/wp\/v2\/news-source?post=4337"},{"taxonomy":"is_homepage","embeddable":true,"href":"https:\/\/www.chiesedisicilia.org\/chiesedisicilia\/news\/wp-json\/wp\/v2\/is_homepage?post=4337"},{"taxonomy":"ta_other","embeddable":true,"href":"https:\/\/www.chiesedisicilia.org\/chiesedisicilia\/news\/wp-json\/wp\/v2\/ta_other?post=4337"}],"curies":[{"name":"wp","href":"https:\/\/api.w.org\/{rel}","templated":true}]}}