{"id":4335,"date":"2018-04-09T11:07:00","date_gmt":"2018-04-09T09:07:00","guid":{"rendered":"http:\/\/wptestsite.tecnavia.com\/chiesedisicilia_clientsite\/news\/2018\/04\/09\/ragusa-aggregazioni-laicali-io-resto-qui\/"},"modified":"2018-11-12T07:58:45","modified_gmt":"2018-01-16T07:58:45","slug":"ragusa-aggregazioni-laicali-io-resto-qui","status":"publish","type":"post","link":"https:\/\/www.chiesedisicilia.org\/2018\/04\/09\/ragusa-aggregazioni-laicali-io-resto-qui\/","title":{"rendered":"RAGUSA. AGGREGAZIONI LAICALI: &#8220;IO RESTO QUI&#8221;"},"content":{"rendered":"<div><span style=\"font-size: medium;\"><span style=\"font-family: \"Times New Roman\";\"><span style=\"background-image: initial; background-position: initial; background-size: initial; background-repeat: initial; background-attachment: initial; background-origin: initial; background-clip: initial;\">&#8220;<\/span>\u00c8 possibile immaginare un futuro diverso per i nostri giovani? Ci sono altre prospettive rispetto al partire da questa terra per cercare lavoro altrove?&#8221;. A queste domande prover\u00e0 a rispondere il convegno sul tema \u201cIo resto qui. Percorsi di vita che vincono il deserto\u201d che si terr\u00e0 venerd\u00ec 13 aprile 2018 a Ragusa, con inizio alle ore 18.30, nell\u2019auditorium dell\u2019Itis \u201cMajorana\u201d. L\u2019iniziativa \u00e8 promossa dalla Consulta delle Aggregazioni Laicali della diocesi di Ragusa e da Radio K\u00e0ris.<\/span><\/span><span style=\"font-size:12.0pt;font-family:\"Times New Roman\",\"serif\"\"><o:p><\/o:p><\/span><\/div>\n<div><span style=\"font-size: medium;\"><span style=\"font-family: \"Times New Roman\";\">L\u2019incontro, moderato da Simone Digrandi, direttore dell\u2019ufficio Comunicazioni Sociali della Diocesi, presenter\u00e0 &#8220;esperienze di imprenditoria giovanile sorte nel territorio ibleo che &#8211; spiega una nota stampa della Curia -, rifiutandosi di soccombere al lamento inerte e resistendo all\u2019atavica rassegnazione a cercare sempre altrove il proprio futuro, costituiscono, qui ed ora, storie e fatti cui guardare con curiosit\u00e0 e speranza&#8221;. Le esperienze che saranno presentate fanno parte di un lavoro di ricerca realizzato da Denise Arcieri, autrice e conduttrice di Radio K\u00e0ris, che ha incontrato tante nuove realt\u00e0 imprenditoriali presenti sul territorio.<\/span><\/span><span style=\"font-size:12.0pt;font-family:\"Times New Roman\",\"serif\"\"><o:p><\/o:p><\/span><\/div>\n<div><span style=\"font-size: medium;\"><span style=\"font-family: \"Times New Roman\";\">&#8220;Ogni anno circa 20.000 giovani lasciano, infatti, la Sicilia per studio o per lavoro. Un processo di erosione tutt\u2019altro che lento del tessuto sociale, culturale e, perch\u00e9 no, morale, che priva questa terra delle risorse pi\u00f9 fresche e capaci ancora di tensione ideale, la cui emorragia determina una desertificazione cui non si pu\u00f2 pi\u00f9 assistere inermi. Si pu\u00f2 resistere all\u2019avanzare del deserto? &#8211; continua la nota dell&#8217;Ufficio diocesano per le Comunicazioni sociali &#8211; \u00c8 possibile scorgere dentro la realt\u00e0 giovanile e lavorativa i germogli di una vita che si rinnova e che permette fondatamente di sperare nel futuro? L\u2019alternativa che si pone non \u00e8 scontata, o recriminare su ci\u00f2 che dovrebbe essere oppure servire umilmente ci\u00f2 che gi\u00e0 c\u2019\u00e8&#8221;.<\/span><\/span><span style=\"font-size:12.0pt;font-family:\"Times New Roman\",\"serif\"\"><o:p><\/o:p><\/span><\/div>\n<div><span style=\"font-size: medium;\"><span style=\"font-family: \"Times New Roman\";\">Alle esperienze condivise nella prima parte dell\u2019incontro, si affiancher\u00e0 il racconto del contributo che la Chiesa locale cerca di offrire attraverso alcune iniziative e strumenti operativi. Renato Meli, direttore dell\u2019ufficio Problemi sociali e lavoro della Diocesi di Ragusa, avr\u00e0 il compito di illustrare le esperienze di micro-credito d\u2019impresa cui molti giovani hanno attinto per le fasi di start up delle loro imprese insieme alle recenti iniziative dello sportello Arca a Vittoria. Uno sforzo che si colloca nell\u2019orizzonte pi\u00f9 ampio delle recenti Settimane sociali di Cagliari della Cei, dal titolo \u201cIl lavoro che vogliamo\u201d.<\/span><\/span><span style=\"font-size:12.0pt;font-family:\"Times New Roman\",\"serif\"\"><o:p><\/o:p><\/span><\/div>\n<div><span style=\"font-size: medium;\"><span style=\"font-family: \"Times New Roman\";\">Interverr\u00e0 il vescovo di Ragusa monsignor Carmelo Cuttitta. [01]<\/span><\/span><span style=\"font-size:12.0pt;font-family:\"Times New Roman\",\"serif\"\"><o:p><\/o:p><\/span><\/div>\n","protected":false},"excerpt":{"rendered":"","protected":false},"author":1,"featured_media":0,"comment_status":"open","ping_status":"open","sticky":false,"template":"","format":"standard","meta":[],"categories":[30],"tags":[],"news-destination":[],"news-source":[],"is_homepage":[],"ta_other":[],"_links":{"self":[{"href":"https:\/\/www.chiesedisicilia.org\/chiesedisicilia\/news\/wp-json\/wp\/v2\/posts\/4335"}],"collection":[{"href":"https:\/\/www.chiesedisicilia.org\/chiesedisicilia\/news\/wp-json\/wp\/v2\/posts"}],"about":[{"href":"https:\/\/www.chiesedisicilia.org\/chiesedisicilia\/news\/wp-json\/wp\/v2\/types\/post"}],"author":[{"embeddable":true,"href":"https:\/\/www.chiesedisicilia.org\/chiesedisicilia\/news\/wp-json\/wp\/v2\/users\/1"}],"replies":[{"embeddable":true,"href":"https:\/\/www.chiesedisicilia.org\/chiesedisicilia\/news\/wp-json\/wp\/v2\/comments?post=4335"}],"version-history":[{"count":1,"href":"https:\/\/www.chiesedisicilia.org\/chiesedisicilia\/news\/wp-json\/wp\/v2\/posts\/4335\/revisions"}],"predecessor-version":[{"id":22801,"href":"https:\/\/www.chiesedisicilia.org\/chiesedisicilia\/news\/wp-json\/wp\/v2\/posts\/4335\/revisions\/22801"}],"wp:attachment":[{"href":"https:\/\/www.chiesedisicilia.org\/chiesedisicilia\/news\/wp-json\/wp\/v2\/media?parent=4335"}],"wp:term":[{"taxonomy":"category","embeddable":true,"href":"https:\/\/www.chiesedisicilia.org\/chiesedisicilia\/news\/wp-json\/wp\/v2\/categories?post=4335"},{"taxonomy":"post_tag","embeddable":true,"href":"https:\/\/www.chiesedisicilia.org\/chiesedisicilia\/news\/wp-json\/wp\/v2\/tags?post=4335"},{"taxonomy":"news-destination","embeddable":true,"href":"https:\/\/www.chiesedisicilia.org\/chiesedisicilia\/news\/wp-json\/wp\/v2\/news-destination?post=4335"},{"taxonomy":"news-source","embeddable":true,"href":"https:\/\/www.chiesedisicilia.org\/chiesedisicilia\/news\/wp-json\/wp\/v2\/news-source?post=4335"},{"taxonomy":"is_homepage","embeddable":true,"href":"https:\/\/www.chiesedisicilia.org\/chiesedisicilia\/news\/wp-json\/wp\/v2\/is_homepage?post=4335"},{"taxonomy":"ta_other","embeddable":true,"href":"https:\/\/www.chiesedisicilia.org\/chiesedisicilia\/news\/wp-json\/wp\/v2\/ta_other?post=4335"}],"curies":[{"name":"wp","href":"https:\/\/api.w.org\/{rel}","templated":true}]}}