{"id":4334,"date":"2018-04-07T08:34:00","date_gmt":"2018-04-07T06:34:00","guid":{"rendered":"http:\/\/wptestsite.tecnavia.com\/chiesedisicilia_clientsite\/news\/2018\/04\/07\/ragusa-famiglie-aperte-al-mondo-xxvii-assemblea-di-pastorale-familiare\/"},"modified":"2018-11-12T07:58:45","modified_gmt":"2018-01-16T07:58:45","slug":"ragusa-famiglie-aperte-al-mondo-xxvii-assemblea-di-pastorale-familiare","status":"publish","type":"post","link":"https:\/\/www.chiesedisicilia.org\/2018\/04\/07\/ragusa-famiglie-aperte-al-mondo-xxvii-assemblea-di-pastorale-familiare\/","title":{"rendered":"RAGUSA. \u201cFAMIGLIE APERTE AL MONDO&#8221;: XXVII ASSEMBLEA DI PASTORALE FAMILIARE"},"content":{"rendered":"<div><span style=\"font-size: medium;\"><span style=\"font-family: \"Times New Roman\";\">Sar\u00e0 la parrocchia Santi Apostoli, a Comiso, ad accogliere i partecipanti alla 27\u00b0 Assemblea diocesana di Pastorale familiare in programma domenica 15 aprile 2018. Il tema di riflessione, \u201cFamiglie aperte al mondo: Nuove vie di felicit\u00e0 per la famiglia nella societ\u00e0 postmoderna\u201d, sar\u00e0 trattato da Gabriella e Pierluigi Proietti, coppia collaboratrice\u00a0del direttore dell\u2019Ufficio nazionale di Pastorale familiare. Partendo dalla riflessione sulla relazione di coppia nell\u2019attuale societ\u00e0 postmoderna, si soffermeranno sulla presenza e missione della coppia nel mondo e nella Chiesa.<\/span><\/span><span style=\"font-size:12.0pt;font-family:\"Times New Roman\",\"serif\";\nmso-fareast-font-family:\"Times New Roman\";mso-fareast-language:IT\"><o:p><\/o:p><\/span><\/div>\n<div><span style=\"font-size: medium;\"><span style=\"font-family: \"Times New Roman\";\">Per questa occasione esordir\u00e0 il Servizio ufficiale di Pastorale familiare \u201cAnimatema di Famiglia\u201d: animatori appositamente preparati dalla Formazione nazionale accompagneranno i figli dei partecipanti in un percorso parallelo a quello dei genitori, con varie attivit\u00e0. A loro il compito di dare forma e colore all\u2019icona biblica dell\u2019incontro, che sar\u00e0 poi presentata al vescovo e a tutti i partecipanti nel corso della Celebrazione eucaristica.<\/span><\/span><span style=\"font-size:12.0pt;font-family:\"Times New Roman\",\"serif\";\nmso-fareast-font-family:\"Times New Roman\";mso-fareast-language:IT\"><o:p><\/o:p><\/span><\/div>\n<div><span style=\"font-size: medium;\"><span style=\"font-family: \"Times New Roman\";\">Il programma stilato dall&#8217;Ufficio diocesano per la Pastorale familiare prevede due diversi momenti di riflessione guidata: il primo sar\u00e0 dedicato a &#8220;La relazione di coppia nella societ\u00e0 postmoderna tra dialogo e conflitti&#8221;, mentre il secondo avr\u00f2 per tema il &#8220;nuovo rapporto tra Chiesa e mondo: presenza e missione della coppia&#8221;. Nel corso della giornata sono previsti laboratori, momenti di condivisione in gruppo e in assemblea e tavoli di lavoro per gli operatori . <\/span><\/span><span style=\"font-size:12.0pt;font-family:\"Times New Roman\",\"serif\";\nmso-fareast-font-family:\"Times New Roman\";mso-fareast-language:IT\"><o:p><\/o:p><\/span><\/div>\n<div><span style=\"font-size: medium;\"><span style=\"font-family: \"Times New Roman\";\">L&#8217;Assemblea si concluder\u00e0 alle ore 17.00 con la Santa Messa presieduta dal vescovo mons. Carmelo Cuttitta. [01]<\/span><\/span><\/div>\n","protected":false},"excerpt":{"rendered":"","protected":false},"author":1,"featured_media":0,"comment_status":"open","ping_status":"open","sticky":false,"template":"","format":"standard","meta":[],"categories":[30],"tags":[],"news-destination":[],"news-source":[],"is_homepage":[],"ta_other":[],"_links":{"self":[{"href":"https:\/\/www.chiesedisicilia.org\/chiesedisicilia\/news\/wp-json\/wp\/v2\/posts\/4334"}],"collection":[{"href":"https:\/\/www.chiesedisicilia.org\/chiesedisicilia\/news\/wp-json\/wp\/v2\/posts"}],"about":[{"href":"https:\/\/www.chiesedisicilia.org\/chiesedisicilia\/news\/wp-json\/wp\/v2\/types\/post"}],"author":[{"embeddable":true,"href":"https:\/\/www.chiesedisicilia.org\/chiesedisicilia\/news\/wp-json\/wp\/v2\/users\/1"}],"replies":[{"embeddable":true,"href":"https:\/\/www.chiesedisicilia.org\/chiesedisicilia\/news\/wp-json\/wp\/v2\/comments?post=4334"}],"version-history":[{"count":1,"href":"https:\/\/www.chiesedisicilia.org\/chiesedisicilia\/news\/wp-json\/wp\/v2\/posts\/4334\/revisions"}],"predecessor-version":[{"id":22800,"href":"https:\/\/www.chiesedisicilia.org\/chiesedisicilia\/news\/wp-json\/wp\/v2\/posts\/4334\/revisions\/22800"}],"wp:attachment":[{"href":"https:\/\/www.chiesedisicilia.org\/chiesedisicilia\/news\/wp-json\/wp\/v2\/media?parent=4334"}],"wp:term":[{"taxonomy":"category","embeddable":true,"href":"https:\/\/www.chiesedisicilia.org\/chiesedisicilia\/news\/wp-json\/wp\/v2\/categories?post=4334"},{"taxonomy":"post_tag","embeddable":true,"href":"https:\/\/www.chiesedisicilia.org\/chiesedisicilia\/news\/wp-json\/wp\/v2\/tags?post=4334"},{"taxonomy":"news-destination","embeddable":true,"href":"https:\/\/www.chiesedisicilia.org\/chiesedisicilia\/news\/wp-json\/wp\/v2\/news-destination?post=4334"},{"taxonomy":"news-source","embeddable":true,"href":"https:\/\/www.chiesedisicilia.org\/chiesedisicilia\/news\/wp-json\/wp\/v2\/news-source?post=4334"},{"taxonomy":"is_homepage","embeddable":true,"href":"https:\/\/www.chiesedisicilia.org\/chiesedisicilia\/news\/wp-json\/wp\/v2\/is_homepage?post=4334"},{"taxonomy":"ta_other","embeddable":true,"href":"https:\/\/www.chiesedisicilia.org\/chiesedisicilia\/news\/wp-json\/wp\/v2\/ta_other?post=4334"}],"curies":[{"name":"wp","href":"https:\/\/api.w.org\/{rel}","templated":true}]}}