{"id":4329,"date":"2018-03-07T09:40:00","date_gmt":"2018-03-07T08:40:00","guid":{"rendered":"http:\/\/wptestsite.tecnavia.com\/chiesedisicilia_clientsite\/news\/2018\/03\/07\/ragusa-la-sapienza-in-cerca-delluomo-musica-e-parole-per-nutrire-lanima\/"},"modified":"2018-11-12T07:58:45","modified_gmt":"2018-01-16T07:58:45","slug":"ragusa-la-sapienza-in-cerca-delluomo-musica-e-parole-per-nutrire-lanima","status":"publish","type":"post","link":"https:\/\/www.chiesedisicilia.org\/2018\/03\/07\/ragusa-la-sapienza-in-cerca-delluomo-musica-e-parole-per-nutrire-lanima\/","title":{"rendered":"RAGUSA. &#8220;LA SAPIENZA IN CERCA DELL&#8217;UOMO. MUSICA E PAROLE PER NUTRIRE L&#8217;ANIMA&#8221;"},"content":{"rendered":"<div><span style=\"font-size: medium; font-family: \"Times New Roman\";\"><strong><span style=\"font-weight: normal;\">Venerd\u00ec 16 marzo 2018, alle ore 20.30<\/span><\/strong>, presso la\u00a0c<strong><span style=\"font-weight: normal;\">hiesa S. Giovanni Battista, a S. Croce Camerina<\/span><\/strong>, sar\u00e0 possibile assistere al concerto\u00a0<strong><span style=\"font-weight: normal;\">\u201cLa Sapienza in cerca dell&#8217;uomo. Musica e parole per nitrire l&#8217;anima\u201d<\/span><\/strong>, a cura del\u00a0<strong><span style=\"font-weight: normal;\">Coro Polifonico Ibleo<\/span><\/strong>, diretto dal\u00a0<strong><span style=\"font-weight: normal;\">M\u00b0 Nello Cavallo<\/span><\/strong>.<\/span><font face=\"Times New Roman, serif\"><span style=\"font-size: 16px;\">\u00a0<\/span><\/font><span style=\"font-family: \"Times New Roman\"; font-size: medium;\">L\u2019interpretazione dei testi \u00e8 affidata agli attori\u00a0<\/span><strong style=\"font-family: \"Times New Roman\"; font-size: medium;\"><span style=\"font-weight: normal;\">Tiziana Bellassai<\/span><\/strong><span style=\"font-family: \"Times New Roman\"; font-size: medium;\">\u00a0e\u00a0<\/span><strong style=\"font-family: \"Times New Roman\"; font-size: medium;\"><span style=\"font-weight: normal;\">Giuseppe Ferlito<\/span><\/strong><span style=\"font-family: \"Times New Roman\"; font-size: medium;\">.<\/span><span style=\"font-size: medium;\"><span style=\"font-family: \"Times New Roman\";\">L\u2019iniziativa \u00e8 promossa dall\u2019Ufficio per la Cultura della Diocesi di Ragusa, in collaborazione con Comitato della festa di S. Giuseppe e prosegue il ricco percorso \u201cLa musica per l\u2019anima\u201d, all\u2019interno della rassegna \u201cCultura per la vita\u201d, che quest\u2019anno ha visto percorsi formativi, cinematografici e concertistici, registrando un grande consenso di critica e di pubblico.<\/span><\/span><span style=\"font-size:12.0pt;\nfont-family:\"Times New Roman\",\"serif\"\"><o:p><\/o:p><\/span><\/div>\n<div><span style=\"font-size: medium;\"><span style=\"font-family: \"Times New Roman\";\">&#8220;Si tratta di un\u2019occasione unica per ritrovarsi a riflettere attorno ai grandi temi proposti da maestri della storia e della letteratura, per innalzare l\u2019animo alla bellezza accompagnati dalla grande musica. Rilke, Quasimodo, Bonhoeffer, Lorenzo de\u2019 Medici, Agostino e citazioni di testi sapienziali, entreranno nel dialogo appassionato tra due strani amanti &#8211; si legge in una nota stampa dell&#8217;Ufficio diocesano per la Cultura &#8211; e offriranno il ritmo vitale ai brani musicali di Bach, Caccini, Debussy, Gounod, Frisina, Morricone, Mozart, Pachelbel e ad altri suggestivi brani strumentali. Nel clima quaresimale, quanto di pi\u00f9 bello poter meditare sulla propria vita e sulla storia umana, alla stregua di un nuovo stelo che si tende dal buio della terra in cui giace un seme frantumato. La trasfigurazione del dolore in gioia attraverso la croce di Cristo &#8211; prosegue il comunicato &#8211; rimane sempre il traguardo pi\u00f9 arduo e pi\u00f9 sperato da raggiungere. E chiss\u00e0 se una serata d\u2019arte non possa aiutare a ritrovare il senso nascosto e lucente degli eventi della nostra storia&#8221;.<\/span><\/span><span style=\"font-size:12.0pt;\nfont-family:\"Times New Roman\",\"serif\"\"><o:p><\/o:p><\/span><\/div>\n<div><span style=\"font-size: medium;\"><span style=\"font-family: \"Times New Roman\";\">L&#8217;ingresso \u00e8 libero e aperto a tutti. [01]<\/span><\/span><span style=\"font-size:12.0pt;font-family:\n\"Times New Roman\",\"serif\";mso-fareast-language:IT\"><o:p><\/o:p><\/span><\/div>\n","protected":false},"excerpt":{"rendered":"","protected":false},"author":1,"featured_media":0,"comment_status":"open","ping_status":"open","sticky":false,"template":"","format":"standard","meta":[],"categories":[30],"tags":[],"news-destination":[],"news-source":[],"is_homepage":[],"ta_other":[],"_links":{"self":[{"href":"https:\/\/www.chiesedisicilia.org\/chiesedisicilia\/news\/wp-json\/wp\/v2\/posts\/4329"}],"collection":[{"href":"https:\/\/www.chiesedisicilia.org\/chiesedisicilia\/news\/wp-json\/wp\/v2\/posts"}],"about":[{"href":"https:\/\/www.chiesedisicilia.org\/chiesedisicilia\/news\/wp-json\/wp\/v2\/types\/post"}],"author":[{"embeddable":true,"href":"https:\/\/www.chiesedisicilia.org\/chiesedisicilia\/news\/wp-json\/wp\/v2\/users\/1"}],"replies":[{"embeddable":true,"href":"https:\/\/www.chiesedisicilia.org\/chiesedisicilia\/news\/wp-json\/wp\/v2\/comments?post=4329"}],"version-history":[{"count":1,"href":"https:\/\/www.chiesedisicilia.org\/chiesedisicilia\/news\/wp-json\/wp\/v2\/posts\/4329\/revisions"}],"predecessor-version":[{"id":22795,"href":"https:\/\/www.chiesedisicilia.org\/chiesedisicilia\/news\/wp-json\/wp\/v2\/posts\/4329\/revisions\/22795"}],"wp:attachment":[{"href":"https:\/\/www.chiesedisicilia.org\/chiesedisicilia\/news\/wp-json\/wp\/v2\/media?parent=4329"}],"wp:term":[{"taxonomy":"category","embeddable":true,"href":"https:\/\/www.chiesedisicilia.org\/chiesedisicilia\/news\/wp-json\/wp\/v2\/categories?post=4329"},{"taxonomy":"post_tag","embeddable":true,"href":"https:\/\/www.chiesedisicilia.org\/chiesedisicilia\/news\/wp-json\/wp\/v2\/tags?post=4329"},{"taxonomy":"news-destination","embeddable":true,"href":"https:\/\/www.chiesedisicilia.org\/chiesedisicilia\/news\/wp-json\/wp\/v2\/news-destination?post=4329"},{"taxonomy":"news-source","embeddable":true,"href":"https:\/\/www.chiesedisicilia.org\/chiesedisicilia\/news\/wp-json\/wp\/v2\/news-source?post=4329"},{"taxonomy":"is_homepage","embeddable":true,"href":"https:\/\/www.chiesedisicilia.org\/chiesedisicilia\/news\/wp-json\/wp\/v2\/is_homepage?post=4329"},{"taxonomy":"ta_other","embeddable":true,"href":"https:\/\/www.chiesedisicilia.org\/chiesedisicilia\/news\/wp-json\/wp\/v2\/ta_other?post=4329"}],"curies":[{"name":"wp","href":"https:\/\/api.w.org\/{rel}","templated":true}]}}