{"id":4315,"date":"2017-10-17T15:47:00","date_gmt":"2017-10-17T13:47:00","guid":{"rendered":"http:\/\/wptestsite.tecnavia.com\/chiesedisicilia_clientsite\/news\/2017\/10\/17\/ragusa-quando-il-rapporto-fra-medico-e-paziente-rende-piu-efficace-la-terapia\/"},"modified":"2018-11-12T07:58:42","modified_gmt":"2018-01-16T07:58:42","slug":"ragusa-quando-il-rapporto-fra-medico-e-paziente-rende-piu-efficace-la-terapia","status":"publish","type":"post","link":"https:\/\/www.chiesedisicilia.org\/2017\/10\/17\/ragusa-quando-il-rapporto-fra-medico-e-paziente-rende-piu-efficace-la-terapia\/","title":{"rendered":"RAGUSA. &#8220;QUANDO IL RAPPORTO FRA MEDICO E PAZIENTE RENDE PIU&#8217; EFFICACE LA TERAPIA&#8221;"},"content":{"rendered":"<div><span style=\"font-size: 13.5pt;\"><span style=\"font-size: medium;\"><span style=\"font-family: \"Times New Roman\";\">\u201cLa celebrazione annuale di\u00a0<span style=\"font-weight: normal;\">San Luca Evangelista<\/span> vuole essere per tutti noi uno strumento e l&#8217;occasione per ravvivare la nostra attenzione quotidiana verso chi \u00e8 sofferente\u201d. Cos\u00ec don Giorgio Occhipinti, dell\u2019Ufficio per la Pastorale sanitaria della Diocesi di Ragusa, presenta l\u2019incontro destinato ai medici e agli operatori sanitari in programma mercoled\u00ec 18 ottobre 2017. A guidare la riflessione sar\u00e0 il\u00a0<span style=\"font-weight: normal;\">Commissario dell&#8217;ASP di Ragusa, Salvatore Lucio Ficarra, che approfondir\u00e0 il tema<\/span>:<span style=\"font-weight: normal;\">\u00a0&#8220;Quando il rapporto fra medico e paziente rende pi\u00f9 efficace la terapia&#8221;. L\u2019Ufficio diocesano ribadisce l\u2019importanza del <\/span>\u201csensibilizzare il popolo di Dio e, di conseguenza, le molteplici istituzioni sanitarie e cattoliche e la stessa societ\u00e0 civile, alla necessit\u00e0 di assicurare la migliore assistenza agli infermi per a favorire l&#8217;impegno sempre pi\u00f9 prezioso del volontariato, nonch\u00e9 di\u00a0quanti vivono ed operano\u00a0accanto a chi soffre\u201d. L\u2019incontro si svolger\u00e0 a mezzogiorno presso la\u00a0<span style=\"font-weight: normal;\">Nuova Sala Conferenze<\/span>\u00a0(ex cappella)\u00a0&#8211; <span style=\"font-weight: normal;\">Sede ASP\u00a0<\/span>(Piazza Igea). [01]<\/span><\/span><b><o:p><\/o:p><\/b><\/span><\/div>\n","protected":false},"excerpt":{"rendered":"","protected":false},"author":1,"featured_media":0,"comment_status":"open","ping_status":"open","sticky":false,"template":"","format":"standard","meta":[],"categories":[30],"tags":[],"news-destination":[],"news-source":[],"is_homepage":[],"ta_other":[],"_links":{"self":[{"href":"https:\/\/www.chiesedisicilia.org\/chiesedisicilia\/news\/wp-json\/wp\/v2\/posts\/4315"}],"collection":[{"href":"https:\/\/www.chiesedisicilia.org\/chiesedisicilia\/news\/wp-json\/wp\/v2\/posts"}],"about":[{"href":"https:\/\/www.chiesedisicilia.org\/chiesedisicilia\/news\/wp-json\/wp\/v2\/types\/post"}],"author":[{"embeddable":true,"href":"https:\/\/www.chiesedisicilia.org\/chiesedisicilia\/news\/wp-json\/wp\/v2\/users\/1"}],"replies":[{"embeddable":true,"href":"https:\/\/www.chiesedisicilia.org\/chiesedisicilia\/news\/wp-json\/wp\/v2\/comments?post=4315"}],"version-history":[{"count":1,"href":"https:\/\/www.chiesedisicilia.org\/chiesedisicilia\/news\/wp-json\/wp\/v2\/posts\/4315\/revisions"}],"predecessor-version":[{"id":22782,"href":"https:\/\/www.chiesedisicilia.org\/chiesedisicilia\/news\/wp-json\/wp\/v2\/posts\/4315\/revisions\/22782"}],"wp:attachment":[{"href":"https:\/\/www.chiesedisicilia.org\/chiesedisicilia\/news\/wp-json\/wp\/v2\/media?parent=4315"}],"wp:term":[{"taxonomy":"category","embeddable":true,"href":"https:\/\/www.chiesedisicilia.org\/chiesedisicilia\/news\/wp-json\/wp\/v2\/categories?post=4315"},{"taxonomy":"post_tag","embeddable":true,"href":"https:\/\/www.chiesedisicilia.org\/chiesedisicilia\/news\/wp-json\/wp\/v2\/tags?post=4315"},{"taxonomy":"news-destination","embeddable":true,"href":"https:\/\/www.chiesedisicilia.org\/chiesedisicilia\/news\/wp-json\/wp\/v2\/news-destination?post=4315"},{"taxonomy":"news-source","embeddable":true,"href":"https:\/\/www.chiesedisicilia.org\/chiesedisicilia\/news\/wp-json\/wp\/v2\/news-source?post=4315"},{"taxonomy":"is_homepage","embeddable":true,"href":"https:\/\/www.chiesedisicilia.org\/chiesedisicilia\/news\/wp-json\/wp\/v2\/is_homepage?post=4315"},{"taxonomy":"ta_other","embeddable":true,"href":"https:\/\/www.chiesedisicilia.org\/chiesedisicilia\/news\/wp-json\/wp\/v2\/ta_other?post=4315"}],"curies":[{"name":"wp","href":"https:\/\/api.w.org\/{rel}","templated":true}]}}