{"id":4314,"date":"2017-10-03T18:10:00","date_gmt":"2017-10-03T16:10:00","guid":{"rendered":"http:\/\/wptestsite.tecnavia.com\/chiesedisicilia_clientsite\/news\/2017\/10\/03\/ragusa-assemblea-su-parrocchia-missionaria-per-una-chiesa-in-uscita-2\/"},"modified":"2018-11-12T07:58:42","modified_gmt":"2018-01-16T07:58:42","slug":"ragusa-assemblea-su-parrocchia-missionaria-per-una-chiesa-in-uscita-2","status":"publish","type":"post","link":"https:\/\/www.chiesedisicilia.org\/2017\/10\/03\/ragusa-assemblea-su-parrocchia-missionaria-per-una-chiesa-in-uscita-2\/","title":{"rendered":"RAGUSA. ASSEMBLEA SU \u201cPARROCCHIA MISSIONARIA PER UNA CHIESA IN USCITA\u201d"},"content":{"rendered":"<div><span style=\"font-size: 12pt; font-family: \"Times New Roman\", serif; background-image: initial; background-position: initial; background-size: initial; background-repeat: initial; background-attachment: initial; background-origin: initial; background-clip: initial;\"><span style=\"font-size: medium;\"><span style=\"font-family: \"Times New Roman\";\">\u201cParrocchia missionaria per una Chiesa in uscita\u201d \u00e8 il tema dell\u2019Assemblea diocesana, convocata dal vescovo di Ragusa, mons. Carmelo Cuttitta, per accogliere l\u2019invito di Papa Francesco, contenuto nella esortazione apostolica Evangelii Gaudium, \u201cad entrare in un deciso processo di discernimento, purificazione e riforma\u201d per attivare una pastorale in chiave missionaria, che realizzi \u201cil sogno missionario di arrivare a tutti\u201d. L\u2019appuntamento \u00e8 per venerd\u00ec 6 ottobre 2017, alle ore 19.30, presso i locali della parrocchia S. Giuseppe Artigiano, a Ragusa. Il discernimento comunitario, a cui le comunit\u00e0 parrocchiali, i consacrati e i laici saranno chiamati, sar\u00e0 introdotto dalla relazione di don Salvo Priola, docente presso la Pontificia Facolt\u00e0 Teologica di Sicilia. \u201cL\u2019attenzione alla parrocchia \u2013 si legge in una nota della diocesi, che richiama l\u2019Evangelii Gaudium \u2013 \u00e8 di grande importanza perch\u00e9 sia attivata una pastorale pi\u00f9 espansiva e aperta, in quanto essa \u00e8 \u2018presenza ecclesiale nel territorio, ambito dell\u2019ascolto della Parola, della crescita della vita cristiana, del dialogo, dell\u2019annuncio, della carit\u00e0 generosa, dell\u2019adorazione e della celebrazione. Attraverso tutte le sue attivit\u00e0, la parrocchia incoraggia e forma i suoi membri perch\u00e9 siano agenti dell\u2019evangelizzazione. \u00c8 comunit\u00e0 di comunit\u00e0, santuario dove gli assetati vanno a bere per continuare a camminare, e centro di costante invio missionario. Per\u00f2 dobbiamo riconoscere che l\u2019appello alla revisione e al rinnovamento delle parrocchie non ha ancora dato sufficienti frutti perch\u00e9 siano ancora pi\u00f9 vicine alla gente, e siano ambiti di comunione viva e di partecipazione, e si orientino completamente verso la missione\u201d. [01]<\/span><\/span><\/span><span style=\"font-size:12.0pt;font-family:\"Times New Roman\",\"serif\";mso-font-kerning:\n18.0pt;mso-fareast-language:IT\"><o:p><\/o:p><\/span><\/div>\n","protected":false},"excerpt":{"rendered":"","protected":false},"author":1,"featured_media":0,"comment_status":"open","ping_status":"open","sticky":false,"template":"","format":"standard","meta":[],"categories":[30],"tags":[],"news-destination":[],"news-source":[],"is_homepage":[],"ta_other":[],"_links":{"self":[{"href":"https:\/\/www.chiesedisicilia.org\/chiesedisicilia\/news\/wp-json\/wp\/v2\/posts\/4314"}],"collection":[{"href":"https:\/\/www.chiesedisicilia.org\/chiesedisicilia\/news\/wp-json\/wp\/v2\/posts"}],"about":[{"href":"https:\/\/www.chiesedisicilia.org\/chiesedisicilia\/news\/wp-json\/wp\/v2\/types\/post"}],"author":[{"embeddable":true,"href":"https:\/\/www.chiesedisicilia.org\/chiesedisicilia\/news\/wp-json\/wp\/v2\/users\/1"}],"replies":[{"embeddable":true,"href":"https:\/\/www.chiesedisicilia.org\/chiesedisicilia\/news\/wp-json\/wp\/v2\/comments?post=4314"}],"version-history":[{"count":1,"href":"https:\/\/www.chiesedisicilia.org\/chiesedisicilia\/news\/wp-json\/wp\/v2\/posts\/4314\/revisions"}],"predecessor-version":[{"id":22781,"href":"https:\/\/www.chiesedisicilia.org\/chiesedisicilia\/news\/wp-json\/wp\/v2\/posts\/4314\/revisions\/22781"}],"wp:attachment":[{"href":"https:\/\/www.chiesedisicilia.org\/chiesedisicilia\/news\/wp-json\/wp\/v2\/media?parent=4314"}],"wp:term":[{"taxonomy":"category","embeddable":true,"href":"https:\/\/www.chiesedisicilia.org\/chiesedisicilia\/news\/wp-json\/wp\/v2\/categories?post=4314"},{"taxonomy":"post_tag","embeddable":true,"href":"https:\/\/www.chiesedisicilia.org\/chiesedisicilia\/news\/wp-json\/wp\/v2\/tags?post=4314"},{"taxonomy":"news-destination","embeddable":true,"href":"https:\/\/www.chiesedisicilia.org\/chiesedisicilia\/news\/wp-json\/wp\/v2\/news-destination?post=4314"},{"taxonomy":"news-source","embeddable":true,"href":"https:\/\/www.chiesedisicilia.org\/chiesedisicilia\/news\/wp-json\/wp\/v2\/news-source?post=4314"},{"taxonomy":"is_homepage","embeddable":true,"href":"https:\/\/www.chiesedisicilia.org\/chiesedisicilia\/news\/wp-json\/wp\/v2\/is_homepage?post=4314"},{"taxonomy":"ta_other","embeddable":true,"href":"https:\/\/www.chiesedisicilia.org\/chiesedisicilia\/news\/wp-json\/wp\/v2\/ta_other?post=4314"}],"curies":[{"name":"wp","href":"https:\/\/api.w.org\/{rel}","templated":true}]}}