{"id":4307,"date":"2017-05-25T09:48:00","date_gmt":"2017-05-25T07:48:00","guid":{"rendered":"http:\/\/wptestsite.tecnavia.com\/chiesedisicilia_clientsite\/news\/2017\/05\/25\/ragusa-salute-giornata-diocesana-del-sollievo\/"},"modified":"2018-11-12T07:58:42","modified_gmt":"2018-01-16T07:58:42","slug":"ragusa-salute-giornata-diocesana-del-sollievo","status":"publish","type":"post","link":"https:\/\/www.chiesedisicilia.org\/2017\/05\/25\/ragusa-salute-giornata-diocesana-del-sollievo\/","title":{"rendered":"RAGUSA. SALUTE: GIORNATA DIOCESANA DEL SOLLIEVO"},"content":{"rendered":"<div><span style=\"font-size: 12pt; font-family: \"Times New Roman\", serif; background-image: initial; background-position: initial; background-size: initial; background-repeat: initial; background-attachment: initial; background-origin: initial; background-clip: initial;\"><span style=\"font-size: medium;\"><span style=\"font-family: \"Times New Roman\";\">Istituita nel 2001 con direttiva del presidente del Consiglio dei ministri per &#8220;promuovere la cultura del sollievo dalla sofferenza fisica e morale in favore di tutti coloro che stanno ultimando il loro percorso vitale&#8221;, la Giornata del sollievo sar\u00e0 concretizzata, a Ragusa, dall\u2019Ufficio diocesano per la Pastorale della Salute diretto da don Giorgio Occhipinti. Marted\u00ec 23 maggio 2017, inserita all\u2019interno del programma dei solenni festeggiamenti di San Giorgio, patrono di Ragusa, la celebrazione si terr\u00e0 alle ore 19 in Chiesa Madre. In particolare, il parroco don Pietro Floridia celebrer\u00e0 la santa messa per i malati oncologici. Saranno presenti anche un medico dell\u2019Unit\u00e0 complessa di Oncologia \u2013 Asp Ragusa e le associazioni operanti in ambito oncologico Samot e Lilt di Ragusa.<\/span><\/span><o:p><\/o:p><\/span><\/div>\n<div><span style=\"font-size: medium;\"><span style=\"font-family: \"Times New Roman\";\"><span style=\"background-image: initial; background-position: initial; background-size: initial; background-repeat: initial; background-attachment: initial; background-origin: initial; background-clip: initial;\">La giornata sar\u00e0 caratterizzata anche da un altro appuntamento. Alle 10, infatti, si svolger\u00e0 un incontro sul tema &#8220;La cultura del sollievo: la centralit\u00e0 della persona nella rete ospedale-territorio senza dolore&#8221;. All&#8217;incontro parteciperanno don Occhipinti, gli operatori sanitari del reparto di Oncologia, le associazioni di volontariato operanti in ambito oncologico Samot e Lilt di Ragusa e l\u2019associazione di comico terapia \u201cCi ridiamo su\u201d che quest\u2019anno, grazie al \u201cProgetto Saturnino\u201d, porta il sorriso nel reparto Day hospital oncologico. \u201cL\u2019incontro \u2013 chiarisce don Occhipinti \u2013 serve per confrontarci sul tema della cultura del sollievo e della centralit\u00e0 della persona\u00a0nei percorsi di cura. Il confronto tra diverse professionalit\u00e0 e lo scambio delle esperienze maturate in ospedale e sul territorio da volontari e cittadini diventer\u00e0 cos\u00ec un&#8217;occasione preziosa in cui si esprime il significato della Giornata nazionale del sollievo, che vuole rappresentare un momento di riflessione sull&#8217;importanza del controllo del dolore e\u00a0della riduzione della sofferenza attraverso\u00a0l&#8217;utilizzo della medicina palliativa\u201d.<\/span><\/span><\/span><span style=\"font-size: 12pt; font-family: \"Times New Roman\", serif; background-image: initial; background-position: initial; background-size: initial; background-repeat: initial; background-attachment: initial; background-origin: initial; background-clip: initial;\"><o:p><\/o:p><\/span><\/div>\n<div><span style=\"font-size: medium;\"><span style=\"font-family: \"Times New Roman\";\"><span style=\"background-image: initial; background-position: initial; background-size: initial; background-repeat: initial; background-attachment: initial; background-origin: initial; background-clip: initial;\">L&#8217;incontro si colloca nell&#8217;ambito delle iniziative di promozione\u00a0destinate a informare i cittadini sulle modalit\u00e0 e i criteri di accesso alle prestazioni e ai programmi di assistenza esistenti\u00a0nelle strutture sanitarie, nella consapevolezza che informare e comunicare costituisce il primo passo per la buona riuscita degli obiettivi indicati dalla legge 38 del 2010, grazie alla quale l&#8217;Italia, tra i primi Paesi in Europa, garantisce il diritto del cittadino ad accedere alla terapia del dolore e alle cure palliative. Dopo l\u2019incontro seguir\u00e0 un momento ricreativo di solidariet\u00e0 con gli ammalati del reparto Day Hospital oncologico organizzato dai clown dottori di \u201cCi ridiamo su\u201d. Nel pomeriggio, poi, come detto il momento celebrativo e informativo per i fedeli e i cittadini in Chiesa Madre. [01]<\/span><\/span><\/span><span style=\"font-size:12.0pt;font-family:\"Times New Roman\",\"serif\"\"><o:p><\/o:p><\/span><\/div>\n","protected":false},"excerpt":{"rendered":"","protected":false},"author":1,"featured_media":0,"comment_status":"open","ping_status":"open","sticky":false,"template":"","format":"standard","meta":[],"categories":[30],"tags":[],"news-destination":[],"news-source":[],"is_homepage":[],"ta_other":[],"_links":{"self":[{"href":"https:\/\/www.chiesedisicilia.org\/chiesedisicilia\/news\/wp-json\/wp\/v2\/posts\/4307"}],"collection":[{"href":"https:\/\/www.chiesedisicilia.org\/chiesedisicilia\/news\/wp-json\/wp\/v2\/posts"}],"about":[{"href":"https:\/\/www.chiesedisicilia.org\/chiesedisicilia\/news\/wp-json\/wp\/v2\/types\/post"}],"author":[{"embeddable":true,"href":"https:\/\/www.chiesedisicilia.org\/chiesedisicilia\/news\/wp-json\/wp\/v2\/users\/1"}],"replies":[{"embeddable":true,"href":"https:\/\/www.chiesedisicilia.org\/chiesedisicilia\/news\/wp-json\/wp\/v2\/comments?post=4307"}],"version-history":[{"count":1,"href":"https:\/\/www.chiesedisicilia.org\/chiesedisicilia\/news\/wp-json\/wp\/v2\/posts\/4307\/revisions"}],"predecessor-version":[{"id":22774,"href":"https:\/\/www.chiesedisicilia.org\/chiesedisicilia\/news\/wp-json\/wp\/v2\/posts\/4307\/revisions\/22774"}],"wp:attachment":[{"href":"https:\/\/www.chiesedisicilia.org\/chiesedisicilia\/news\/wp-json\/wp\/v2\/media?parent=4307"}],"wp:term":[{"taxonomy":"category","embeddable":true,"href":"https:\/\/www.chiesedisicilia.org\/chiesedisicilia\/news\/wp-json\/wp\/v2\/categories?post=4307"},{"taxonomy":"post_tag","embeddable":true,"href":"https:\/\/www.chiesedisicilia.org\/chiesedisicilia\/news\/wp-json\/wp\/v2\/tags?post=4307"},{"taxonomy":"news-destination","embeddable":true,"href":"https:\/\/www.chiesedisicilia.org\/chiesedisicilia\/news\/wp-json\/wp\/v2\/news-destination?post=4307"},{"taxonomy":"news-source","embeddable":true,"href":"https:\/\/www.chiesedisicilia.org\/chiesedisicilia\/news\/wp-json\/wp\/v2\/news-source?post=4307"},{"taxonomy":"is_homepage","embeddable":true,"href":"https:\/\/www.chiesedisicilia.org\/chiesedisicilia\/news\/wp-json\/wp\/v2\/is_homepage?post=4307"},{"taxonomy":"ta_other","embeddable":true,"href":"https:\/\/www.chiesedisicilia.org\/chiesedisicilia\/news\/wp-json\/wp\/v2\/ta_other?post=4307"}],"curies":[{"name":"wp","href":"https:\/\/api.w.org\/{rel}","templated":true}]}}