{"id":4299,"date":"2017-03-02T14:50:00","date_gmt":"2017-03-02T13:50:00","guid":{"rendered":"http:\/\/wptestsite.tecnavia.com\/chiesedisicilia_clientsite\/news\/2017\/03\/02\/ragusa-famiglia-indicare-strade-di-felicita-per-una-nuova-capacita-propositiva\/"},"modified":"2018-11-12T07:58:40","modified_gmt":"2018-01-16T07:58:40","slug":"ragusa-famiglia-indicare-strade-di-felicita-per-una-nuova-capacita-propositiva","status":"publish","type":"post","link":"https:\/\/www.chiesedisicilia.org\/2017\/03\/02\/ragusa-famiglia-indicare-strade-di-felicita-per-una-nuova-capacita-propositiva\/","title":{"rendered":"RAGUSA. FAMIGLIA: \u201cINDICARE STRADE DI FELICITA&#8217;&#8230; PER UNA NUOVA CAPACITA&#8217; PROPOSITIVA&#8221;"},"content":{"rendered":"<div><span style=\"font-size:12.0pt;font-family:\"Times New Roman\",\"serif\"\"><span style=\"font-size: medium;\"><span style=\"font-family: \"Times New Roman\";\">Domenica 5 marzo 2017 si svolger\u00e0 a Ragusa, presso la parrocchia Preziosissimo Sangue, la 26\u00b0 Assemblea diocesana di Pastorale familiare. L&#8217;Assemblea diocesana, che \u00e8 il momento formativo centrale nell&#8217;attivit\u00e0 annuale dell&#8217;Ufficio di pastorale familiare, rinnover\u00e0 \u00a0i propri strumenti alla luce di Amoris Laetitia.\u00a0&#8220;E&#8217; un&#8217;occasione importante &#8211; scrive l&#8217;Ufficio diocesano di Pastorale familiare -, occasione di formazione, riflessione, di scambio e di confronto fra tutti coloro che, in vari modi, sono coinvolti nelle attivit\u00e0 di pastorale familiare nelle parrocchie e nei movimenti&#8221;.<\/span><\/span><o:p><\/o:p><\/span><\/div>\n<div><span style=\"font-size: medium;\"><span style=\"font-family: \"Times New Roman\";\">Il programma, in dettaglio, prevede:<br \/> 09.30\u00a0\u00a0 Accoglienza<br \/> 09.45\u00a0\u00a0 Momento di preghiera<br \/> 10.00\u00a0\u00a0 Prima relazione<br \/> 11.00\u00a0\u00a0 Pausa<br \/> 11.15\u00a0 \u00a0Seconda relazione<br \/> 12.15\u00a0\u00a0 Celebrazione eucaristica presieduta dal vescovo, mons. Carmelo Cuttitta<br \/> 13.15\u00a0\u00a0 Pranzo a sacco<br \/> 15.00 \u00a0\u00a0Laboratori<br \/> 16.30\u00a0 Momento assembleare e verifica<br \/> 17.00\u00a0 Conclusione\u00a0<\/span><\/span><span style=\"font-size:12.0pt;font-family:\"Times New Roman\",\"serif\"\"><o:p><\/o:p><\/span><\/div>\n<div><span style=\"font-size: medium;\"><span style=\"font-family: \"Times New Roman\";\">\u00a0Il tema,<span class=\"apple-converted-space\">\u00a0<\/span><strong><span style=\"font-weight: normal;\">\u201cIndicare strade di felicit\u00e0&#8230;\u00a0Per una nuova capacit\u00e0 propositiva (AL\u00a038)&#8221;,<\/span>\u00a0<\/strong>sar\u00e0 trattato da\u00a0padre Nello Dell\u2019Agli. [01]<\/span><\/span><span style=\"font-size:12.0pt;font-family:\"Times New Roman\",\"serif\"\"><o:p><\/o:p><\/span><\/div>\n","protected":false},"excerpt":{"rendered":"","protected":false},"author":1,"featured_media":0,"comment_status":"open","ping_status":"open","sticky":false,"template":"","format":"standard","meta":[],"categories":[30],"tags":[],"news-destination":[],"news-source":[],"is_homepage":[],"ta_other":[],"_links":{"self":[{"href":"https:\/\/www.chiesedisicilia.org\/chiesedisicilia\/news\/wp-json\/wp\/v2\/posts\/4299"}],"collection":[{"href":"https:\/\/www.chiesedisicilia.org\/chiesedisicilia\/news\/wp-json\/wp\/v2\/posts"}],"about":[{"href":"https:\/\/www.chiesedisicilia.org\/chiesedisicilia\/news\/wp-json\/wp\/v2\/types\/post"}],"author":[{"embeddable":true,"href":"https:\/\/www.chiesedisicilia.org\/chiesedisicilia\/news\/wp-json\/wp\/v2\/users\/1"}],"replies":[{"embeddable":true,"href":"https:\/\/www.chiesedisicilia.org\/chiesedisicilia\/news\/wp-json\/wp\/v2\/comments?post=4299"}],"version-history":[{"count":1,"href":"https:\/\/www.chiesedisicilia.org\/chiesedisicilia\/news\/wp-json\/wp\/v2\/posts\/4299\/revisions"}],"predecessor-version":[{"id":22766,"href":"https:\/\/www.chiesedisicilia.org\/chiesedisicilia\/news\/wp-json\/wp\/v2\/posts\/4299\/revisions\/22766"}],"wp:attachment":[{"href":"https:\/\/www.chiesedisicilia.org\/chiesedisicilia\/news\/wp-json\/wp\/v2\/media?parent=4299"}],"wp:term":[{"taxonomy":"category","embeddable":true,"href":"https:\/\/www.chiesedisicilia.org\/chiesedisicilia\/news\/wp-json\/wp\/v2\/categories?post=4299"},{"taxonomy":"post_tag","embeddable":true,"href":"https:\/\/www.chiesedisicilia.org\/chiesedisicilia\/news\/wp-json\/wp\/v2\/tags?post=4299"},{"taxonomy":"news-destination","embeddable":true,"href":"https:\/\/www.chiesedisicilia.org\/chiesedisicilia\/news\/wp-json\/wp\/v2\/news-destination?post=4299"},{"taxonomy":"news-source","embeddable":true,"href":"https:\/\/www.chiesedisicilia.org\/chiesedisicilia\/news\/wp-json\/wp\/v2\/news-source?post=4299"},{"taxonomy":"is_homepage","embeddable":true,"href":"https:\/\/www.chiesedisicilia.org\/chiesedisicilia\/news\/wp-json\/wp\/v2\/is_homepage?post=4299"},{"taxonomy":"ta_other","embeddable":true,"href":"https:\/\/www.chiesedisicilia.org\/chiesedisicilia\/news\/wp-json\/wp\/v2\/ta_other?post=4299"}],"curies":[{"name":"wp","href":"https:\/\/api.w.org\/{rel}","templated":true}]}}