{"id":4297,"date":"2017-03-02T13:13:00","date_gmt":"2017-03-02T12:13:00","guid":{"rendered":"http:\/\/wptestsite.tecnavia.com\/chiesedisicilia_clientsite\/news\/2017\/03\/02\/ragusa-caritas-atto-vandalico-al-presidio-di-marina-di-acate\/"},"modified":"2018-11-12T07:58:40","modified_gmt":"2018-01-16T07:58:40","slug":"ragusa-caritas-atto-vandalico-al-presidio-di-marina-di-acate","status":"publish","type":"post","link":"https:\/\/www.chiesedisicilia.org\/2017\/03\/02\/ragusa-caritas-atto-vandalico-al-presidio-di-marina-di-acate\/","title":{"rendered":"RAGUSA. CARITAS: ATTO VANDALICO AL PRESIDIO DI MARINA DI ACATE"},"content":{"rendered":"<div><span style=\"font-family: \"Times New Roman\";\"><span style=\"font-size: medium;\"><span times=\"\" new=\"\">Luned\u00ec 27 febbraio 2017, il Presidio fisso della Caritas a Marina di Acate, diocesi di Ragusa, \u00e8 stato vandalizzato da ignoti che hanno rotto il vetro di una finestra e hanno messo sottosopra il magazzino degli abiti, senza tuttavia rubare niente. Lo ha reso noto mercoled\u00ec 1 marzo la Diocesi, con un comunicato stampa. &#8220;Al linguaggio trasversale degli avvertimenti e dell&#8217;intimidazione &#8211; si legge nella nota -, gli operatori della Caritas sanno rispondere con la parola diretta del perdono e con la testimonianza del servizio. Per questo, ad appena 24 ore dalla scoperta della violazione, il Presidio era gi\u00e0 operativo in tutti i suoi servizi in favore dei lavoratori agricoli della zona e delle loro famiglie: l&#8217;accoglienza, l&#8217;ascolto, lo sportello legale, lo sportello sindacale curato dalla CGIL, il servizio di medicina e infermeria con la fornitura di alimenti per neonati, la distribuzione abiti. Visto che la data lo permetteva, ci siamo permessi persino una piccola festa di Carnevale offrendo le chiacchiere, le uniche che ci concediamo al Presidio Caritas&#8221;. A rendere possibile il proseguo delle attivit\u00e0 \u00e8 stato il prezioso lavoro della Caritas della parrocchia San Nicol\u00f2 di Acate e delle ragazze in Servizio civile nazionale. &#8220;Noi ci siamo &#8211; prosegue la Caritas -, ci mettiamo a servizio senza sosta e non abbiamo paura&#8221;. [01]<\/span><\/span><\/span><span style=\"font-size:12.0pt;font-family:\" times=\"\" new=\"\"><o:p><\/o:p><\/span><\/div>\n","protected":false},"excerpt":{"rendered":"","protected":false},"author":1,"featured_media":0,"comment_status":"open","ping_status":"open","sticky":false,"template":"","format":"standard","meta":[],"categories":[30],"tags":[],"news-destination":[],"news-source":[],"is_homepage":[],"ta_other":[],"_links":{"self":[{"href":"https:\/\/www.chiesedisicilia.org\/chiesedisicilia\/news\/wp-json\/wp\/v2\/posts\/4297"}],"collection":[{"href":"https:\/\/www.chiesedisicilia.org\/chiesedisicilia\/news\/wp-json\/wp\/v2\/posts"}],"about":[{"href":"https:\/\/www.chiesedisicilia.org\/chiesedisicilia\/news\/wp-json\/wp\/v2\/types\/post"}],"author":[{"embeddable":true,"href":"https:\/\/www.chiesedisicilia.org\/chiesedisicilia\/news\/wp-json\/wp\/v2\/users\/1"}],"replies":[{"embeddable":true,"href":"https:\/\/www.chiesedisicilia.org\/chiesedisicilia\/news\/wp-json\/wp\/v2\/comments?post=4297"}],"version-history":[{"count":1,"href":"https:\/\/www.chiesedisicilia.org\/chiesedisicilia\/news\/wp-json\/wp\/v2\/posts\/4297\/revisions"}],"predecessor-version":[{"id":22760,"href":"https:\/\/www.chiesedisicilia.org\/chiesedisicilia\/news\/wp-json\/wp\/v2\/posts\/4297\/revisions\/22760"}],"wp:attachment":[{"href":"https:\/\/www.chiesedisicilia.org\/chiesedisicilia\/news\/wp-json\/wp\/v2\/media?parent=4297"}],"wp:term":[{"taxonomy":"category","embeddable":true,"href":"https:\/\/www.chiesedisicilia.org\/chiesedisicilia\/news\/wp-json\/wp\/v2\/categories?post=4297"},{"taxonomy":"post_tag","embeddable":true,"href":"https:\/\/www.chiesedisicilia.org\/chiesedisicilia\/news\/wp-json\/wp\/v2\/tags?post=4297"},{"taxonomy":"news-destination","embeddable":true,"href":"https:\/\/www.chiesedisicilia.org\/chiesedisicilia\/news\/wp-json\/wp\/v2\/news-destination?post=4297"},{"taxonomy":"news-source","embeddable":true,"href":"https:\/\/www.chiesedisicilia.org\/chiesedisicilia\/news\/wp-json\/wp\/v2\/news-source?post=4297"},{"taxonomy":"is_homepage","embeddable":true,"href":"https:\/\/www.chiesedisicilia.org\/chiesedisicilia\/news\/wp-json\/wp\/v2\/is_homepage?post=4297"},{"taxonomy":"ta_other","embeddable":true,"href":"https:\/\/www.chiesedisicilia.org\/chiesedisicilia\/news\/wp-json\/wp\/v2\/ta_other?post=4297"}],"curies":[{"name":"wp","href":"https:\/\/api.w.org\/{rel}","templated":true}]}}