{"id":4295,"date":"2016-11-18T12:12:00","date_gmt":"2016-11-18T11:12:00","guid":{"rendered":"http:\/\/wptestsite.tecnavia.com\/chiesedisicilia_clientsite\/news\/2016\/11\/18\/ragusa-dialogo-tra-le-culture-dallamoris-laetitia-al-diritto-positivo-2\/"},"modified":"2018-11-12T07:58:40","modified_gmt":"2018-01-16T07:58:40","slug":"ragusa-dialogo-tra-le-culture-dallamoris-laetitia-al-diritto-positivo-2","status":"publish","type":"post","link":"https:\/\/www.chiesedisicilia.org\/2016\/11\/18\/ragusa-dialogo-tra-le-culture-dallamoris-laetitia-al-diritto-positivo-2\/","title":{"rendered":"RAGUSA. &#8220;DIALOGO TRA LE CULTURE&#8221;: DALL&#8217;AMORIS LAETITIA AL DIRITTO POSITIVO"},"content":{"rendered":"<div><span style=\"font-size:12.0pt;font-family:\"Times New Roman\",\"serif\";\ncolor:#333333\"><span style=\"font-size: medium;\"><span style=\"font-family: \"Times New Roman\";\">S\u2019inaugura <strong><span style=\"font-weight: normal;\">marted\u00ec 22 novembre, alle ore 16.00<\/span><\/strong>, presso il<span class=\"apple-converted-space\">\u00a0<\/span><strong><span style=\"font-weight: normal;\">Salone della Chiesa \u201cPreziosissimo Sangue\u201d di Ragusa<\/span><\/strong>, il nuovo corso della Cattedra di \u201cDialogo tra le Culture\u201d dedicato ai professionisti iscritti all\u2019Ordine forense della Provincia di Ragusa, co-organizzatore dell\u2019iniziativa. \u201cO<strong><span style=\"font-weight: normal;\">rizzonti giuridici della famiglia: percorsi e interazioni in una societ\u00e0 complessa&#8221;<\/span><\/strong>, questo il tema che intende affrontare il ciclo di quattro incontri a cadenza mensile che vedr\u00e0 coinvolti un centinaio circa di professionisti. Si tratta di un tema in continuit\u00e0 con quello dello scorso anno che ha riscontrato una grande partecipazione di professionisti ed un grande interesse, al punto da richiederne un approfondimento.<\/span><\/span><o:p><\/o:p><\/span><\/div>\n<div><span style=\"font-size: medium;\"><span style=\"font-family: \"Times New Roman\";\"><span style=\"color: rgb(51, 51, 51);\">L\u2019apertura del corso \u00e8 stata affidata a<span class=\"apple-converted-space\">\u00a0<\/span><strong><span style=\"font-weight: normal;\">Gianni Colzani<\/span><\/strong>, teologo di fama internazionale e docente presso l\u2019Universit\u00e0 Urbaniana di Roma, e a <strong><span style=\"font-weight: normal;\">Cristina Di Paola<\/span><\/strong>, dell\u2019Ordine forense di Ragusa e collaboratrice della Cattedra di \u201cDialogo tra le culture\u201d. \u201cD<strong><span style=\"font-weight: normal;\">all\u2019Amoris Laetitia al diritto positivo<\/span><\/strong>\u201d \u00e8 il tema della relazione a due voci.<\/span><\/span><\/span><span style=\"font-size:12.0pt;font-family:\"Times New Roman\",\"serif\";color:#333333\"><o:p><\/o:p><\/span><\/div>\n<div><span style=\"font-size: medium;\"><span style=\"font-family: \"Times New Roman\";\"><span style=\"color: rgb(51, 51, 51);\">&#8220;Anche se siamo abituati ad ascoltare Francesco che parla a braccio,<span class=\"apple-converted-space\">\u00a0<\/span><em>Amoris Laetitia<\/em><span class=\"apple-converted-space\">\u00a0<\/span>\u00e8 un documento del magistero papale: dopo due sinodi sulla famiglia, Francesco rivendica il suo compito di confermare e guidare la fede dei suoi fratelli attraverso il suo magistero pastorale, attento cio\u00e8 all\u2019esperienza umana e al suo discernimento e proteso a viverne le sfide animando la speranza e indicando percorsi possibili al cammino e alla creativit\u00e0 dei credenti. Le dottrine &#8211; si legge in una nota stampa pubblicata pubblicata sul sito della Diocesi -, le norme non sono annullate ma devono essere il frutto di questa nuova sensibilit\u00e0. Il timore di un distacco tra identit\u00e0 pastorale e identit\u00e0 giuridica dei soggetti \u00e8 reale, ma una certa tensione tra questi due aspetti rimarr\u00e0 fino a che la vita cristiana non avr\u00e0 trovato nuovi equilibri e nuove categorie. Per favorire la riflessione, <strong><span style=\"font-weight: normal;\">Colzani<\/span><\/strong><span class=\"apple-converted-space\">\u00a0<\/span>indicher\u00e0, preciser\u00e0 la realt\u00e0 dell\u2019istituto familiare ed il suo rapporto con l\u2019amore umano e quello cristiano, le trasformazioni odierne dell\u2019istituzione famiglia e le sfide che pongono, il senso di un magistero pastorale e il suo discernimento delle sfide attuali, le linee ancora iniziali di una prassi e di un diritto affidato ai vescovi e ai pastori.<\/span><\/span><\/span><span style=\"font-size:12.0pt;font-family:\"Times New Roman\",\"serif\";color:#333333\"><o:p><\/o:p><\/span><\/div>\n<div><span style=\"font-size: medium;\"><span style=\"font-family: \"Times New Roman\";\"><span style=\"color: rgb(51, 51, 51);\">Sul versante giuridico, l\u2019evoluzione normativa in materia di diritti della persona e della famiglia pone l\u2019interprete davanti a interrogativi che concernono la comprensione dell\u2019individuo e delle formazioni sociali, e la rispondenza della disciplina giuridica alle istanze di tutela che provengono da tali soggetti. Dalla disamina del diritto positivo e del diritto giurisprudenziale sugli argomenti principali, <strong><span style=\"font-weight: normal;\">Di Paola<\/span><\/strong><span class=\"apple-converted-space\"><b>\u00a0<\/b><\/span>aprir\u00e0 il dibattito sulle tematiche maggiormente problematiche riscontrate in concreto&#8221;.<\/span><\/span><\/span><span style=\"font-size:12.0pt;font-family:\"Times New Roman\",\"serif\";color:#333333\"><o:p><\/o:p><\/span><\/div>\n<div><span style=\"font-size: medium;\"><span style=\"font-family: \"Times New Roman\";\"><span style=\"color: rgb(51, 51, 51);\">Moderer\u00e0 l\u2019incontro<span class=\"apple-converted-space\">\u00a0<\/span><strong><span style=\"font-weight: normal;\">Antonello Lauretta<\/span><\/strong>, giornalista.<\/span><\/span><\/span><span style=\"font-size:12.0pt;font-family:\"Times New Roman\",\"serif\";color:#333333\"><o:p><\/o:p><\/span><\/div>\n<div><span style=\"font-size: medium;\"><span style=\"font-family: \"Times New Roman\";\"><span style=\"line-height: 115%; color: rgb(51, 51, 51);\">Le iscrizioni dei professionisti saranno effettuate presso la segreteria dell\u2019Ordine, mentre i liberi uditori dovranno rivolgersi alla segreteria della Cattedra. [01]<\/span><\/span><\/span><\/div>\n","protected":false},"excerpt":{"rendered":"","protected":false},"author":1,"featured_media":0,"comment_status":"open","ping_status":"open","sticky":false,"template":"","format":"standard","meta":[],"categories":[30],"tags":[],"news-destination":[],"news-source":[],"is_homepage":[],"ta_other":[],"_links":{"self":[{"href":"https:\/\/www.chiesedisicilia.org\/chiesedisicilia\/news\/wp-json\/wp\/v2\/posts\/4295"}],"collection":[{"href":"https:\/\/www.chiesedisicilia.org\/chiesedisicilia\/news\/wp-json\/wp\/v2\/posts"}],"about":[{"href":"https:\/\/www.chiesedisicilia.org\/chiesedisicilia\/news\/wp-json\/wp\/v2\/types\/post"}],"author":[{"embeddable":true,"href":"https:\/\/www.chiesedisicilia.org\/chiesedisicilia\/news\/wp-json\/wp\/v2\/users\/1"}],"replies":[{"embeddable":true,"href":"https:\/\/www.chiesedisicilia.org\/chiesedisicilia\/news\/wp-json\/wp\/v2\/comments?post=4295"}],"version-history":[{"count":1,"href":"https:\/\/www.chiesedisicilia.org\/chiesedisicilia\/news\/wp-json\/wp\/v2\/posts\/4295\/revisions"}],"predecessor-version":[{"id":22762,"href":"https:\/\/www.chiesedisicilia.org\/chiesedisicilia\/news\/wp-json\/wp\/v2\/posts\/4295\/revisions\/22762"}],"wp:attachment":[{"href":"https:\/\/www.chiesedisicilia.org\/chiesedisicilia\/news\/wp-json\/wp\/v2\/media?parent=4295"}],"wp:term":[{"taxonomy":"category","embeddable":true,"href":"https:\/\/www.chiesedisicilia.org\/chiesedisicilia\/news\/wp-json\/wp\/v2\/categories?post=4295"},{"taxonomy":"post_tag","embeddable":true,"href":"https:\/\/www.chiesedisicilia.org\/chiesedisicilia\/news\/wp-json\/wp\/v2\/tags?post=4295"},{"taxonomy":"news-destination","embeddable":true,"href":"https:\/\/www.chiesedisicilia.org\/chiesedisicilia\/news\/wp-json\/wp\/v2\/news-destination?post=4295"},{"taxonomy":"news-source","embeddable":true,"href":"https:\/\/www.chiesedisicilia.org\/chiesedisicilia\/news\/wp-json\/wp\/v2\/news-source?post=4295"},{"taxonomy":"is_homepage","embeddable":true,"href":"https:\/\/www.chiesedisicilia.org\/chiesedisicilia\/news\/wp-json\/wp\/v2\/is_homepage?post=4295"},{"taxonomy":"ta_other","embeddable":true,"href":"https:\/\/www.chiesedisicilia.org\/chiesedisicilia\/news\/wp-json\/wp\/v2\/ta_other?post=4295"}],"curies":[{"name":"wp","href":"https:\/\/api.w.org\/{rel}","templated":true}]}}