{"id":4291,"date":"2016-04-22T08:44:00","date_gmt":"2016-04-22T06:44:00","guid":{"rendered":"http:\/\/wptestsite.tecnavia.com\/chiesedisicilia_clientsite\/news\/2016\/04\/22\/ragusa-gestione-dei-conflitti-nei-contesti-educativi\/"},"modified":"2018-11-12T07:58:40","modified_gmt":"2018-01-16T07:58:40","slug":"ragusa-gestione-dei-conflitti-nei-contesti-educativi","status":"publish","type":"post","link":"https:\/\/www.chiesedisicilia.org\/2016\/04\/22\/ragusa-gestione-dei-conflitti-nei-contesti-educativi\/","title":{"rendered":"RAGUSA. GESTIONE DEI CONFLITTI NEI CONTESTI EDUCATIVI"},"content":{"rendered":"<div><span style=\"font-size:12.0pt;font-family:\"Times New Roman\",\"serif\"\"><span style=\"font-size: medium;\"><span style=\"font-family: 'Times New Roman';\">Prender\u00e0 il via,<span class=\"apple-converted-space\">\u00a0<\/span><strong><span style=\"font-weight: normal;\">gioved\u00ec 21 aprile<\/span><\/strong>, alle ore 15.30, presso la Golden Hall di Vittoria, il corso di alta formazione \u201cLa gestione dei conflitti nei contesti educativi secondo un approccio interculturale\u201d. La prestigiosa iniziativa, a cura della<span class=\"apple-converted-space\">\u00a0<\/span><strong><span style=\"font-weight: normal;\">Cattedra \u201cDialogo tra le culture\u201d<\/span><\/strong><span class=\"apple-converted-space\">\u00a0<\/span>di Ragusa e il<span class=\"apple-converted-space\">\u00a0<\/span><strong><span style=\"font-weight: normal;\">Centro interdisciplinare di Scienze per la pace (CISP) dell\u2019Universit\u00e0 di Pisa<\/span><\/strong>, ha raggiunto il numero massimo di iscritti, segno di un bisogno intercettato sul territorio a diversi livelli, ma anche segno di un riuscito partenariato tra i due enti organizzatori.<\/span><\/span><o:p><\/o:p><\/span><\/div>\n<div><span style=\"font-size: medium;\"><span style=\"font-family: 'Times New Roman';\">Il corso \u00e8 rivolto a laureati e non laureati, ad insegnanti, ad operatori con incarichi educativi o socio assistenziali, a rappresentanti del mondo delle associazioni, ad operatori socio-assistenziali o del mondo associativo e del terzo settore, ma anche a chiunque voglia dissetare la propria sete di conoscenza ed espandere i propri confini culturali. L&#8217;intento \u00e8 di analizzare le cause profonde del conflitto, studiarlo e proporre dei modelli perch\u00e9 possa essere opportunamente attraversato, gestito e trasformato, non nell\u2019ottica di una sua rimozione, bens\u00ec in quella di una sua consapevole accettazione.<\/span><\/span><span style=\"font-size:12.0pt;font-family:\"Times New Roman\",\"serif\"\"><o:p><\/o:p><\/span><\/div>\n<div><span style=\"font-size: medium;\"><span style=\"font-family: 'Times New Roman';\">Di fronte a contesti in cui le relazioni assumono sempre pi\u00f9 un carattere apertamente conflittuale, diviene quanto mai necessario intraprendere strategie educative per sviluppare capacit\u00e0 di ascolto e di relazione, creativit\u00e0 ed elaborazione costruttiva delle diversit\u00e0, nell\u2019ottica metodologica della nonviolenza attiva. Per questo, accanto alle lezioni di inquadramento teorico della questione e dei modelli presenti in letteratura, verranno proposti dei laboratori innovativi che permetteranno ai partecipanti di esercitarsi sulle metodologie di base relative alla gestione e trasformazione dei conflitti, fino a maturare una mediazione come strumento di empowerment dei protagonisti del conflitto.<\/span><\/span><span style=\"font-size:12.0pt;font-family:\"Times New Roman\",\"serif\"\"><o:p><\/o:p><\/span><\/div>\n<div><span style=\"font-size: medium;\"><span style=\"font-family: 'Times New Roman';\">A tenere le lezioni saranno <strong><span style=\"font-weight: normal;\">Pierluigi Consorti<\/span><\/strong>, direttore del CISP, e <strong><span style=\"font-weight: normal;\">Andrea Valdambrini,<\/span><\/strong><span class=\"apple-converted-space\">\u00a0<\/span>dell\u2019Universit\u00e0 di Pisa. [01]<\/span><\/span><span style=\"font-size:12.0pt;font-family:\"Times New Roman\",\"serif\"\"><o:p><\/o:p><\/span><\/div>\n","protected":false},"excerpt":{"rendered":"","protected":false},"author":1,"featured_media":0,"comment_status":"open","ping_status":"open","sticky":false,"template":"","format":"standard","meta":[],"categories":[30],"tags":[],"news-destination":[],"news-source":[],"is_homepage":[],"ta_other":[],"_links":{"self":[{"href":"https:\/\/www.chiesedisicilia.org\/chiesedisicilia\/news\/wp-json\/wp\/v2\/posts\/4291"}],"collection":[{"href":"https:\/\/www.chiesedisicilia.org\/chiesedisicilia\/news\/wp-json\/wp\/v2\/posts"}],"about":[{"href":"https:\/\/www.chiesedisicilia.org\/chiesedisicilia\/news\/wp-json\/wp\/v2\/types\/post"}],"author":[{"embeddable":true,"href":"https:\/\/www.chiesedisicilia.org\/chiesedisicilia\/news\/wp-json\/wp\/v2\/users\/1"}],"replies":[{"embeddable":true,"href":"https:\/\/www.chiesedisicilia.org\/chiesedisicilia\/news\/wp-json\/wp\/v2\/comments?post=4291"}],"version-history":[{"count":1,"href":"https:\/\/www.chiesedisicilia.org\/chiesedisicilia\/news\/wp-json\/wp\/v2\/posts\/4291\/revisions"}],"predecessor-version":[{"id":22758,"href":"https:\/\/www.chiesedisicilia.org\/chiesedisicilia\/news\/wp-json\/wp\/v2\/posts\/4291\/revisions\/22758"}],"wp:attachment":[{"href":"https:\/\/www.chiesedisicilia.org\/chiesedisicilia\/news\/wp-json\/wp\/v2\/media?parent=4291"}],"wp:term":[{"taxonomy":"category","embeddable":true,"href":"https:\/\/www.chiesedisicilia.org\/chiesedisicilia\/news\/wp-json\/wp\/v2\/categories?post=4291"},{"taxonomy":"post_tag","embeddable":true,"href":"https:\/\/www.chiesedisicilia.org\/chiesedisicilia\/news\/wp-json\/wp\/v2\/tags?post=4291"},{"taxonomy":"news-destination","embeddable":true,"href":"https:\/\/www.chiesedisicilia.org\/chiesedisicilia\/news\/wp-json\/wp\/v2\/news-destination?post=4291"},{"taxonomy":"news-source","embeddable":true,"href":"https:\/\/www.chiesedisicilia.org\/chiesedisicilia\/news\/wp-json\/wp\/v2\/news-source?post=4291"},{"taxonomy":"is_homepage","embeddable":true,"href":"https:\/\/www.chiesedisicilia.org\/chiesedisicilia\/news\/wp-json\/wp\/v2\/is_homepage?post=4291"},{"taxonomy":"ta_other","embeddable":true,"href":"https:\/\/www.chiesedisicilia.org\/chiesedisicilia\/news\/wp-json\/wp\/v2\/ta_other?post=4291"}],"curies":[{"name":"wp","href":"https:\/\/api.w.org\/{rel}","templated":true}]}}