{"id":4285,"date":"2015-11-18T09:23:00","date_gmt":"2015-11-18T08:23:00","guid":{"rendered":"http:\/\/wptestsite.tecnavia.com\/chiesedisicilia_clientsite\/news\/2015\/11\/18\/ragusa-cittadinanza-onoraria-al-vescovo-paolo-urso\/"},"modified":"2018-11-12T07:58:40","modified_gmt":"2018-01-16T07:58:40","slug":"ragusa-cittadinanza-onoraria-al-vescovo-paolo-urso","status":"publish","type":"post","link":"https:\/\/www.chiesedisicilia.org\/2015\/11\/18\/ragusa-cittadinanza-onoraria-al-vescovo-paolo-urso\/","title":{"rendered":"RAGUSA. CITTADINANZA ONORARIA AL VESCOVO PAOLO URSO"},"content":{"rendered":"<div><span style=\"font-size: medium;\"><span style=\"font-family: 'Times New Roman';\">Con propria determina adottata il 12 novembre il sindaco di Ragusa, Federico Piccitto, ha deciso di conferire la cittadinanza onoraria\u00a0 al\u00a0vescovo mons. Paolo Urso.<\/span><\/span><span style=\"font-size:12.0pt;font-family:\"Times New Roman\",\"serif\"\"><o:p><\/o:p><\/span><\/div>\n<div><span style=\"font-size: medium;\"><span style=\"font-family: 'Times New Roman';\">Il provvedimento scaturisce dalla precisa volont\u00e0 del primo cittadino, che in tal modo ha fatto anche proprio il senso di gratitudine dell\u2019intera comunit\u00e0 cittadina, di attribuire questo riconoscimento al vescovo &#8220;Urso per il grande lavoro svolto negli oltre 13 anni di attivit\u00e0 alla giuda della Diocesi&#8221;.<\/span><\/span><span style=\"font-size:12.0pt;\nfont-family:\"Times New Roman\",\"serif\"\"><o:p><\/o:p><\/span><\/div>\n<div><span style=\"font-size: medium;\"><span style=\"font-family: 'Times New Roman';\">\u201cIl vescovo Urso infatti a cui noi tutti riconosciamo le non comuni doti personali, culturali ed umane \u2013 dichiara il Sindaco Piccitto \u2013 nel corso del suo episcopato \u00e8 stato il fautore e si \u00e8 prodigato affinch\u00e9 si concretizzassero una serie di importanti iniziative. Tra le tante voglio ricordare la realizzazione della mensa per i poveri \u201cRistoro di San Francesco\u201d, la nuova \u201cCasa per il Clero\u201d, la costruzione\u00a0 dei complessi parrocchiali \u201cSan Pio X\u201d e \u201cMaria SS. Nunziata\u201d, l\u2019accoglienza dei migranti di I e II livello, tramite la Fondazione San Giovanni Battista. Determinante inoltre \u00e8 stato\u00a0 l\u2019impulso che mons. Urso ha dato per la realizzazione del progetto \u201cCostruiamo saperi\u201d per il recupero e la valorizzazione di Villa Magni\u00a0 e l\u2019attivazione di tirocini formativi con il progetto \u201cPolicoro\u201d, per orientare i giovani al lavoro e supportarli nell\u2019avvio di iniziative economiche\u201d.<\/span><\/span><span style=\"font-size:12.0pt;\nfont-family:\"Times New Roman\",\"serif\"\"><o:p><\/o:p><\/span><\/div>\n<div><span style=\"font-size: medium;\"><span style=\"font-family: 'Times New Roman';\">Nei prossimi giorni verr\u00e0 promossa al Comune una cerimonia nel corso della quale verr\u00e0 formalmente ufficializzata la cittadinanza onoraria al vescovo. [01]<\/span><\/span><span style=\"font-size:12.0pt;\nfont-family:\"Times New Roman\",\"serif\"\"><o:p><\/o:p><\/span><\/div>\n","protected":false},"excerpt":{"rendered":"","protected":false},"author":1,"featured_media":0,"comment_status":"open","ping_status":"open","sticky":false,"template":"","format":"standard","meta":[],"categories":[30],"tags":[],"news-destination":[],"news-source":[],"is_homepage":[],"ta_other":[],"_links":{"self":[{"href":"https:\/\/www.chiesedisicilia.org\/chiesedisicilia\/news\/wp-json\/wp\/v2\/posts\/4285"}],"collection":[{"href":"https:\/\/www.chiesedisicilia.org\/chiesedisicilia\/news\/wp-json\/wp\/v2\/posts"}],"about":[{"href":"https:\/\/www.chiesedisicilia.org\/chiesedisicilia\/news\/wp-json\/wp\/v2\/types\/post"}],"author":[{"embeddable":true,"href":"https:\/\/www.chiesedisicilia.org\/chiesedisicilia\/news\/wp-json\/wp\/v2\/users\/1"}],"replies":[{"embeddable":true,"href":"https:\/\/www.chiesedisicilia.org\/chiesedisicilia\/news\/wp-json\/wp\/v2\/comments?post=4285"}],"version-history":[{"count":1,"href":"https:\/\/www.chiesedisicilia.org\/chiesedisicilia\/news\/wp-json\/wp\/v2\/posts\/4285\/revisions"}],"predecessor-version":[{"id":22752,"href":"https:\/\/www.chiesedisicilia.org\/chiesedisicilia\/news\/wp-json\/wp\/v2\/posts\/4285\/revisions\/22752"}],"wp:attachment":[{"href":"https:\/\/www.chiesedisicilia.org\/chiesedisicilia\/news\/wp-json\/wp\/v2\/media?parent=4285"}],"wp:term":[{"taxonomy":"category","embeddable":true,"href":"https:\/\/www.chiesedisicilia.org\/chiesedisicilia\/news\/wp-json\/wp\/v2\/categories?post=4285"},{"taxonomy":"post_tag","embeddable":true,"href":"https:\/\/www.chiesedisicilia.org\/chiesedisicilia\/news\/wp-json\/wp\/v2\/tags?post=4285"},{"taxonomy":"news-destination","embeddable":true,"href":"https:\/\/www.chiesedisicilia.org\/chiesedisicilia\/news\/wp-json\/wp\/v2\/news-destination?post=4285"},{"taxonomy":"news-source","embeddable":true,"href":"https:\/\/www.chiesedisicilia.org\/chiesedisicilia\/news\/wp-json\/wp\/v2\/news-source?post=4285"},{"taxonomy":"is_homepage","embeddable":true,"href":"https:\/\/www.chiesedisicilia.org\/chiesedisicilia\/news\/wp-json\/wp\/v2\/is_homepage?post=4285"},{"taxonomy":"ta_other","embeddable":true,"href":"https:\/\/www.chiesedisicilia.org\/chiesedisicilia\/news\/wp-json\/wp\/v2\/ta_other?post=4285"}],"curies":[{"name":"wp","href":"https:\/\/api.w.org\/{rel}","templated":true}]}}