{"id":4270,"date":"2015-02-26T12:06:00","date_gmt":"2015-02-26T11:06:00","guid":{"rendered":"http:\/\/wptestsite.tecnavia.com\/chiesedisicilia_clientsite\/news\/2015\/02\/26\/ragusa-progetto-presidio-coordinamento-nazionale\/"},"modified":"2018-11-12T07:58:39","modified_gmt":"2018-01-16T07:58:39","slug":"ragusa-progetto-presidio-coordinamento-nazionale","status":"publish","type":"post","link":"https:\/\/www.chiesedisicilia.org\/2015\/02\/26\/ragusa-progetto-presidio-coordinamento-nazionale\/","title":{"rendered":"RAGUSA. PROGETTO PRESIDIO: COORDINAMENTO NAZIONALE"},"content":{"rendered":"<div><span style=\"font-size: medium;\"><span style=\"font-family: 'Times New Roman';\">Dal 19 al 21 febbraio 2015, venti rappresentanti provenienti dai Presidi di tutta Italia e i referenti nazionali di Caritas Italiana, sono stati ospitati dal Presidio di Ragusa per un momento formativo e per condividere gli aggiornamenti nei territori.<\/span><\/span><\/div>\n<div><span style=\"font-size: medium;\"><span style=\"font-family: 'Times New Roman';\">Gli argomenti trattati sono stati quelli relativi al lavoro in rete (con la partecipazione di CGIL, Medici Senza Frontiere e Cooperativa Proxima) e alla pubblicazione del primo report sul lavoro del Progetto Presidio.<\/span><\/span><\/div>\n<div><span style=\"font-size: medium;\"><span style=\"font-family: 'Times New Roman';\">Nel pomeriggio del 20 febbraio gli operatori, insieme al direttore e ad altri operatori della Caritas di Noto, sono stati a visitare il CPSA di Pozzallo dove hanno incontrato alcuni degli ospiti presenti. La formazione \u00e8 proseguita con gli interventi della Prefettura di Ragusa e della Capitaneria di Porto di Pozzallo.<\/span><\/span><\/div>\n<div><span style=\"font-size: medium;\"><span style=\"font-family: 'Times New Roman';\">&#8220;La presenza di Caritas Italiana a Ragusa &#8211; ha dichiarato Oliviero Forti, responsabile immigrazione di Caritas Italiana &#8211; \u00e8 dovuta alle peculiarit\u00e0 di questo territorio sia per quel che riguarda lo sfruttamento del lavoro agricolo, che per gli sbarchi di richiedenti asilo politico. La scelta di svolgere la prima visita al Presidio di Ragusa \u00e8 dovuta anche al fatto che qui la Caritas \u00e8 forte e competente e pu\u00f2 rappresentare un palestra importante per gli altri territori.&#8221;<\/span><\/span><\/div>\n<div><span style=\"font-size: medium;\"><span style=\"font-family: 'Times New Roman';\">&#8220;Il progetto Presidio &#8211; dice Domenico Leggio, direttore della Caritas di Ragusa &#8211; sta cambiando il nostro modo di essere Caritas. Non aspettiamo che siano i poveri, in questo caso i lavoratori agricoli stranieri, a cercarci presso i nostri sportelli, ma siamo noi ad andare loro incontro. Queste persone hanno bisogno non solo e non tanto di assistenza, ma di ascolto e vicinanza&#8221;. [01]<\/span><\/span><\/div>\n","protected":false},"excerpt":{"rendered":"","protected":false},"author":1,"featured_media":0,"comment_status":"open","ping_status":"open","sticky":false,"template":"","format":"standard","meta":[],"categories":[30],"tags":[],"news-destination":[],"news-source":[],"is_homepage":[],"ta_other":[],"_links":{"self":[{"href":"https:\/\/www.chiesedisicilia.org\/chiesedisicilia\/news\/wp-json\/wp\/v2\/posts\/4270"}],"collection":[{"href":"https:\/\/www.chiesedisicilia.org\/chiesedisicilia\/news\/wp-json\/wp\/v2\/posts"}],"about":[{"href":"https:\/\/www.chiesedisicilia.org\/chiesedisicilia\/news\/wp-json\/wp\/v2\/types\/post"}],"author":[{"embeddable":true,"href":"https:\/\/www.chiesedisicilia.org\/chiesedisicilia\/news\/wp-json\/wp\/v2\/users\/1"}],"replies":[{"embeddable":true,"href":"https:\/\/www.chiesedisicilia.org\/chiesedisicilia\/news\/wp-json\/wp\/v2\/comments?post=4270"}],"version-history":[{"count":1,"href":"https:\/\/www.chiesedisicilia.org\/chiesedisicilia\/news\/wp-json\/wp\/v2\/posts\/4270\/revisions"}],"predecessor-version":[{"id":22733,"href":"https:\/\/www.chiesedisicilia.org\/chiesedisicilia\/news\/wp-json\/wp\/v2\/posts\/4270\/revisions\/22733"}],"wp:attachment":[{"href":"https:\/\/www.chiesedisicilia.org\/chiesedisicilia\/news\/wp-json\/wp\/v2\/media?parent=4270"}],"wp:term":[{"taxonomy":"category","embeddable":true,"href":"https:\/\/www.chiesedisicilia.org\/chiesedisicilia\/news\/wp-json\/wp\/v2\/categories?post=4270"},{"taxonomy":"post_tag","embeddable":true,"href":"https:\/\/www.chiesedisicilia.org\/chiesedisicilia\/news\/wp-json\/wp\/v2\/tags?post=4270"},{"taxonomy":"news-destination","embeddable":true,"href":"https:\/\/www.chiesedisicilia.org\/chiesedisicilia\/news\/wp-json\/wp\/v2\/news-destination?post=4270"},{"taxonomy":"news-source","embeddable":true,"href":"https:\/\/www.chiesedisicilia.org\/chiesedisicilia\/news\/wp-json\/wp\/v2\/news-source?post=4270"},{"taxonomy":"is_homepage","embeddable":true,"href":"https:\/\/www.chiesedisicilia.org\/chiesedisicilia\/news\/wp-json\/wp\/v2\/is_homepage?post=4270"},{"taxonomy":"ta_other","embeddable":true,"href":"https:\/\/www.chiesedisicilia.org\/chiesedisicilia\/news\/wp-json\/wp\/v2\/ta_other?post=4270"}],"curies":[{"name":"wp","href":"https:\/\/api.w.org\/{rel}","templated":true}]}}