{"id":4265,"date":"2014-12-18T13:56:00","date_gmt":"2014-12-18T12:56:00","guid":{"rendered":"http:\/\/wptestsite.tecnavia.com\/chiesedisicilia_clientsite\/news\/2014\/12\/18\/ragusa-giornata-dedicata-alla-salute-mentale-musica-e-auguri\/"},"modified":"2018-11-12T07:58:39","modified_gmt":"2018-01-16T07:58:39","slug":"ragusa-giornata-dedicata-alla-salute-mentale-musica-e-auguri","status":"publish","type":"post","link":"https:\/\/www.chiesedisicilia.org\/2014\/12\/18\/ragusa-giornata-dedicata-alla-salute-mentale-musica-e-auguri\/","title":{"rendered":"RAGUSA. GIORNATA DEDICATA ALLA SALUTE MENTALE: MUSICA E AUGURI"},"content":{"rendered":"<p class=\"MsoNoSpacing\"><span style=\"font-size: medium;\"><span style=\"font-family: 'Times New Roman';\">Gioved\u00ec 18 dicembre, gli utenti del Centro diurno del Dipartimento di Salute mentale di Ragusa e delle Comunit\u00e0 alloggio Antares di Modica e della Cta Fafeo di Modica, con la collaborazione di don Giorgio Occhipinti, direttore dell\u2019Ufficio diocesano per la Pastorale della Salute, animeranno con il canto lo scambio degli auguri tra le realt\u00e0 in questione e l&#8217;Asp di Ragusa. <\/span><\/span><span style=\"font-size:12.0pt;font-family:\"Times New Roman\",\"serif\"\"><o:p><\/o:p><\/span><\/p>\n<p class=\"MsoNoSpacing\"><span style=\"font-size: medium;\"><span style=\"font-family: 'Times New Roman';\">Dal 2004 il Centro diurno del Dsm di Ragusa, con la direzione didattica della musicoterapista Antonella Rollo, ha istituito il laboratorio musicale ponendo al centro della sua attivit\u00e0 la cantoterapia. E\u2019 stato cos\u00ec, costituito un \u2018\u2018Coro\u2019\u2019 composto dapprima solo dagli utenti del Centro diurno e, poi, con il radicamento del laboratorio musicale, anche da quelli delle comunit\u00e0 alloggio Antares e della Cta Cafeo di Modica. Il Coro nel corso degli anni ha proposto ed attuato varie iniziative musicali. La musica ed il canto non sono solo eventi estetici frutto di creativit\u00e0, arte che procura all\u2019uomo un piacere intenso, ma dalle pi\u00f9 recenti ricerche nel campo delle neuroscienze, \u00e8 emerso come la musica possa modificare strutture e funzioni cerebrali, interagendo con le principali dinamiche del sistema nervoso.<\/span><\/span><span style=\"font-size:12.0pt;font-family:\"Times New Roman\",\"serif\"\"><o:p><\/o:p><\/span><\/p>\n<p class=\"MsoNoSpacing\"><span style=\"font-size: medium;\"><span style=\"font-family: 'Times New Roman';\">Adesso, dopo 10 anni di attivit\u00e0, \u00e8 stata affrontata la sfida pi\u00f9 impegnativa: lavorare sulle cover di Lucio Battisti, uno dei cantautori pi\u00f9 conosciuti del panorama musicale italiano. E\u2019 stato scelto Battisti per il contenuto delle sue canzoni che affrontano i temi portanti dell\u2019esistenza, quali l\u2019amore, l\u2019amicizia, il tradimento, la delusione e tutti i sentimenti che sono presenti nella vita di ogni persona. Per la realizzazione di un repertorio di 10 canzoni si sono svolti incontri settimanali nel periodo compreso tra ottobre 2013 e giugno 2014. Le verifiche sono state \u00a0effettuate in itinere con Mara Tebaide, referente del Progetto e coordinatrice del Centro diurno del Dsm di Ragusa.<\/span><\/span><span style=\"font-size:12.0pt;font-family:\"Times New Roman\",\"serif\"\"><o:p><\/o:p><\/span><\/p>\n<p class=\"MsoNoSpacing\"><span style=\"font-size: medium;\"><span style=\"font-family: 'Times New Roman';\">&#8220;Alla luce dei risultati e delle richieste di prosecuzione dell\u2019attivit\u00e0 del Coro, al fine di potenziare ulteriormente i risultati raggiunti con gli utenti &#8211; si legge in una nota stampa dell&#8217;Ufficio diocesano per la Salute &#8211; si cercher\u00e0 di riproporre l\u2019attivit\u00e0 corale in un progetto pi\u00f9 ampio che veda coinvolti l\u2019Azienda Asp 7 di Ragusa ed il Comune di Ragusa &#8211; Assessorato ai Servizi sociali e che abbia come momento culminante l\u2019organizzazione di uno spettacolo durante le feste natalizie e l\u2019incisione di un cd che metta in evidenza non solo l\u2019importanza della riabilitazione musicale, ma anche i lavoro quotidiano della riabilitazione psichiatrica svolta dal Centro diurno&#8221;. [01]<\/span><\/span><span style=\"font-size:12.0pt;font-family:\"Times New Roman\",\"serif\"\"><o:p><\/o:p><\/span><\/p>\n","protected":false},"excerpt":{"rendered":"","protected":false},"author":1,"featured_media":0,"comment_status":"open","ping_status":"open","sticky":false,"template":"","format":"standard","meta":[],"categories":[30],"tags":[],"news-destination":[],"news-source":[],"is_homepage":[],"ta_other":[],"_links":{"self":[{"href":"https:\/\/www.chiesedisicilia.org\/chiesedisicilia\/news\/wp-json\/wp\/v2\/posts\/4265"}],"collection":[{"href":"https:\/\/www.chiesedisicilia.org\/chiesedisicilia\/news\/wp-json\/wp\/v2\/posts"}],"about":[{"href":"https:\/\/www.chiesedisicilia.org\/chiesedisicilia\/news\/wp-json\/wp\/v2\/types\/post"}],"author":[{"embeddable":true,"href":"https:\/\/www.chiesedisicilia.org\/chiesedisicilia\/news\/wp-json\/wp\/v2\/users\/1"}],"replies":[{"embeddable":true,"href":"https:\/\/www.chiesedisicilia.org\/chiesedisicilia\/news\/wp-json\/wp\/v2\/comments?post=4265"}],"version-history":[{"count":1,"href":"https:\/\/www.chiesedisicilia.org\/chiesedisicilia\/news\/wp-json\/wp\/v2\/posts\/4265\/revisions"}],"predecessor-version":[{"id":22732,"href":"https:\/\/www.chiesedisicilia.org\/chiesedisicilia\/news\/wp-json\/wp\/v2\/posts\/4265\/revisions\/22732"}],"wp:attachment":[{"href":"https:\/\/www.chiesedisicilia.org\/chiesedisicilia\/news\/wp-json\/wp\/v2\/media?parent=4265"}],"wp:term":[{"taxonomy":"category","embeddable":true,"href":"https:\/\/www.chiesedisicilia.org\/chiesedisicilia\/news\/wp-json\/wp\/v2\/categories?post=4265"},{"taxonomy":"post_tag","embeddable":true,"href":"https:\/\/www.chiesedisicilia.org\/chiesedisicilia\/news\/wp-json\/wp\/v2\/tags?post=4265"},{"taxonomy":"news-destination","embeddable":true,"href":"https:\/\/www.chiesedisicilia.org\/chiesedisicilia\/news\/wp-json\/wp\/v2\/news-destination?post=4265"},{"taxonomy":"news-source","embeddable":true,"href":"https:\/\/www.chiesedisicilia.org\/chiesedisicilia\/news\/wp-json\/wp\/v2\/news-source?post=4265"},{"taxonomy":"is_homepage","embeddable":true,"href":"https:\/\/www.chiesedisicilia.org\/chiesedisicilia\/news\/wp-json\/wp\/v2\/is_homepage?post=4265"},{"taxonomy":"ta_other","embeddable":true,"href":"https:\/\/www.chiesedisicilia.org\/chiesedisicilia\/news\/wp-json\/wp\/v2\/ta_other?post=4265"}],"curies":[{"name":"wp","href":"https:\/\/api.w.org\/{rel}","templated":true}]}}