{"id":4256,"date":"2014-10-16T12:31:00","date_gmt":"2014-10-16T10:31:00","guid":{"rendered":"http:\/\/wptestsite.tecnavia.com\/chiesedisicilia_clientsite\/news\/2014\/10\/16\/ragusa-siamo-stati-testimoni-corresponsabili-dellinizio-di-una-nuova-pagina-della-storia-della-chiesa\/"},"modified":"2018-11-12T07:58:39","modified_gmt":"2018-01-16T07:58:39","slug":"ragusa-siamo-stati-testimoni-corresponsabili-dellinizio-di-una-nuova-pagina-della-storia-della-chiesa","status":"publish","type":"post","link":"https:\/\/www.chiesedisicilia.org\/2014\/10\/16\/ragusa-siamo-stati-testimoni-corresponsabili-dellinizio-di-una-nuova-pagina-della-storia-della-chiesa\/","title":{"rendered":"RAGUSA. &#8220;SIAMO STATI TESTIMONI CORRESPONSABILI DELL\u2019INIZIO DI UNA NUOVA PAGINA DELLA STORIA DELLA CHIESA&#8221;"},"content":{"rendered":"<p class=\"MsoNoSpacing\"><span style=\"font-size: medium;\"><span style=\"font-family: 'Times New Roman';\">Anche la Diocesi di Ragusa \u00a0ha accolto l\u2019invito del Papa a partecipare, sabato 4 ottobre, in Piazza San Pietro, alla veglia di preghiera per il Sinodo dei Vescovi, che si svolger\u00e0 dal 5 al 19 ottobre e che affronter\u00e0 temi importanti riguardanti la Famiglia. Da Comiso \u00e8 partito un pullman con famiglie di diverse parrocchie con bambini al seguito.<\/span><\/span><span style=\"font-size:12.0pt;font-family:\"Times New Roman\",\"serif\"\"><o:p><\/o:p><\/span><\/p>\n<p class=\"MsoNoSpacing\"><span style=\"font-size: medium;\"><span style=\"font-family: 'Times New Roman';\">Ecco la testimonianza di <b>Elena e Gino Cardini<\/b>, dell&#8217;Ufficio diocesano per la Pastorale familiare diretto da Maria Silvia e Pino Petrolito,\u00a0rilasciata al settimanale diocesano &#8220;Insieme&#8221;.<\/span><\/span><\/p>\n<p class=\"MsoNoSpacing\"><span style=\"font-size: medium;\"><span style=\"font-family: 'Times New Roman';\"><i>&#8220;Siamo \u00a0partiti venerd\u00ec sera e rientrati domenica mattina senza sosta per pernottare. Prima di arrivare il pensiero di pregare con il Papa ha coperto le stanchezze del viaggio di andata. Poi, alle 16, l\u2019apertura dei cancelli. Vedere quel fiume di pellegrini che affluiva \u00a0in Piazza San Pietro sino a riempirla, vedere tante famiglie con bambini, tanti giovani, tanti movimenti tutti insieme, stretti tra le braccia dei colonnati della piazza, come a raccoglierci verso il palco, allestito al centro del sagrato, dove di l\u00ec a poco avremmo pregato con il Papa, ci faceva\u00a0 respirare sensazioni di gioia e di pace, vivendo concretamente l\u2019unione del corpo di Cristo nelle sue membra, con la sua Chiesa.<\/i><\/span><\/span><i><span style=\"font-size:12.0pt;font-family:\"Times New Roman\",\"serif\"\"><o:p><\/o:p><\/span><\/i><\/p>\n<p class=\"MsoNoSpacing\"><span style=\"font-size: medium;\"><span style=\"font-family: 'Times New Roman';\"><i>La preghiera, i canti, le testimonianze molto toccanti, la presenza e l\u2019omelia del Papa con il suo parlare semplice e diretto , il momento dell\u2019invocazione allo Spirito Santo con la piazza illuminata dalle migliaia di candeline alzate al cielo come segno del nostro eccoci, hanno contribuito a riempirci il cuore di emozioni che ci hanno accompagnati nel viaggio del rientro quasi annullando la stanchezza. Al rientro del pellegrinaggio la frase che riecheggiava unanime \u00e8 stata: \u201cSiamo felici e soddisfatti, \u00a0pur se stanchi\u201d.<\/i><\/span><\/span><i><span style=\"font-size:12.0pt;font-family:\"Times New Roman\",\"serif\"\"><o:p><\/o:p><\/span><\/i><\/p>\n<p class=\"MsoNoSpacing\"><span style=\"font-size: medium;\"><span style=\"font-family: 'Times New Roman';\"><i>Cosa ci siamo portati oltre all\u2019emozione che tra qualche giorno magari sar\u00e0 sostituita da un\u2019altra?\u00a0 La consapevolezza di essere stati testimoni corresponsabili dell\u2019inizio di una nuova pagina della storia della Chiesa e di riporre nelle mani di Dio\u00a0 ogni Speranza per la buona riuscita del Sinodo per il bene di tutta\u00a0 la Chiesa&#8221;<\/i>. [01]<\/span><\/span><span style=\"font-size:12.0pt;font-family:\"Times New Roman\",\"serif\"\"><o:p><\/o:p><\/span><\/p>\n","protected":false},"excerpt":{"rendered":"","protected":false},"author":1,"featured_media":0,"comment_status":"open","ping_status":"open","sticky":false,"template":"","format":"standard","meta":[],"categories":[30],"tags":[],"news-destination":[],"news-source":[],"is_homepage":[],"ta_other":[],"_links":{"self":[{"href":"https:\/\/www.chiesedisicilia.org\/chiesedisicilia\/news\/wp-json\/wp\/v2\/posts\/4256"}],"collection":[{"href":"https:\/\/www.chiesedisicilia.org\/chiesedisicilia\/news\/wp-json\/wp\/v2\/posts"}],"about":[{"href":"https:\/\/www.chiesedisicilia.org\/chiesedisicilia\/news\/wp-json\/wp\/v2\/types\/post"}],"author":[{"embeddable":true,"href":"https:\/\/www.chiesedisicilia.org\/chiesedisicilia\/news\/wp-json\/wp\/v2\/users\/1"}],"replies":[{"embeddable":true,"href":"https:\/\/www.chiesedisicilia.org\/chiesedisicilia\/news\/wp-json\/wp\/v2\/comments?post=4256"}],"version-history":[{"count":1,"href":"https:\/\/www.chiesedisicilia.org\/chiesedisicilia\/news\/wp-json\/wp\/v2\/posts\/4256\/revisions"}],"predecessor-version":[{"id":22724,"href":"https:\/\/www.chiesedisicilia.org\/chiesedisicilia\/news\/wp-json\/wp\/v2\/posts\/4256\/revisions\/22724"}],"wp:attachment":[{"href":"https:\/\/www.chiesedisicilia.org\/chiesedisicilia\/news\/wp-json\/wp\/v2\/media?parent=4256"}],"wp:term":[{"taxonomy":"category","embeddable":true,"href":"https:\/\/www.chiesedisicilia.org\/chiesedisicilia\/news\/wp-json\/wp\/v2\/categories?post=4256"},{"taxonomy":"post_tag","embeddable":true,"href":"https:\/\/www.chiesedisicilia.org\/chiesedisicilia\/news\/wp-json\/wp\/v2\/tags?post=4256"},{"taxonomy":"news-destination","embeddable":true,"href":"https:\/\/www.chiesedisicilia.org\/chiesedisicilia\/news\/wp-json\/wp\/v2\/news-destination?post=4256"},{"taxonomy":"news-source","embeddable":true,"href":"https:\/\/www.chiesedisicilia.org\/chiesedisicilia\/news\/wp-json\/wp\/v2\/news-source?post=4256"},{"taxonomy":"is_homepage","embeddable":true,"href":"https:\/\/www.chiesedisicilia.org\/chiesedisicilia\/news\/wp-json\/wp\/v2\/is_homepage?post=4256"},{"taxonomy":"ta_other","embeddable":true,"href":"https:\/\/www.chiesedisicilia.org\/chiesedisicilia\/news\/wp-json\/wp\/v2\/ta_other?post=4256"}],"curies":[{"name":"wp","href":"https:\/\/api.w.org\/{rel}","templated":true}]}}