{"id":4246,"date":"2014-06-26T18:02:00","date_gmt":"2014-06-26T16:02:00","guid":{"rendered":"http:\/\/wptestsite.tecnavia.com\/chiesedisicilia_clientsite\/news\/2014\/06\/26\/ragusa-in-ricordo-del-vescovo-francesco-pennisi\/"},"modified":"2018-11-12T07:58:39","modified_gmt":"2018-01-16T07:58:39","slug":"ragusa-in-ricordo-del-vescovo-francesco-pennisi","status":"publish","type":"post","link":"https:\/\/www.chiesedisicilia.org\/2014\/06\/26\/ragusa-in-ricordo-del-vescovo-francesco-pennisi\/","title":{"rendered":"RAGUSA. IN RICORDO DEL VESCOVO FRANCESCO PENNISI"},"content":{"rendered":"<p class=\"MsoNoSpacing\"><span style=\"font-size: medium;\"><span style=\"font-family: 'Times New Roman';\"><span class=\"MsoSubtleEmphasis\">Sono trascorsi 40 anni dalla scomparsa di monsignor Francesco Pennisi, gi\u00e0 <\/span><span class=\"MsoSubtleEmphasis\">V<\/span><span class=\"MsoSubtleEmphasis\">escovo di Ragusa<\/span><span class=\"MsoSubtleEmphasis\">. Per ricordarlo<\/span><span class=\"MsoSubtleEmphasis\"> monsignor Paolo Urso, attuale <\/span><span class=\"MsoSubtleEmphasis\">V<\/span><span class=\"MsoSubtleEmphasis\">escovo della diocesi siciliana, invita a partecipare alla celebrazione eucaristica d<\/span><span class=\"MsoSubtleEmphasis\">i gioved\u00ec<\/span><span class=\"MsoSubtleEmphasis\"> 26 giugno in occasione dell\u2019anniversario. \u201cAmici carissimi &#8211; esordisce il presule -, sono trascorsi quarant\u2018anni dalla morte del mai dimenticato vescovo Francesco Pennisi che dal 1950 al 1974 serv\u00ec questa nostra Chiesa con amore di padre, attenzione di pastore e docilit\u00e0 di servo. Con lui e per lui celebreremo l\u2018Eucaristia il prossimo 26 giugno, alle ore 20, nella chiesa cattedrale.<\/span><span class=\"MsoSubtleEmphasis\"> <\/span><span class=\"MsoSubtleEmphasis\">L\u2018ampia e convinta partecipazione della comunit\u00e0 diocesana &#8211; prosegue mons. Urso -, mentre contribuir\u00e0 a far crescere la comunione, sar\u00e0 un segno di gratitudine a colui, che per noi ha speso le migliori energie, e sar\u00e0 la prova che la comunit\u00e0 cristiana non dimentica \u2018i propri capi\u2019 e ne vive gli insegnamenti\u201d.<\/span><span class=\"MsoSubtleEmphasis\"> [01]<\/span><\/span><\/span><span class=\"MsoSubtleEmphasis\"><span style=\"font-size:12.0pt;font-family:\"Times New Roman\",\"serif\"\"><o:p><\/o:p><\/span><\/span><\/p>\n","protected":false},"excerpt":{"rendered":"","protected":false},"author":1,"featured_media":0,"comment_status":"open","ping_status":"open","sticky":false,"template":"","format":"standard","meta":[],"categories":[30],"tags":[],"news-destination":[],"news-source":[],"is_homepage":[],"ta_other":[],"_links":{"self":[{"href":"https:\/\/www.chiesedisicilia.org\/chiesedisicilia\/news\/wp-json\/wp\/v2\/posts\/4246"}],"collection":[{"href":"https:\/\/www.chiesedisicilia.org\/chiesedisicilia\/news\/wp-json\/wp\/v2\/posts"}],"about":[{"href":"https:\/\/www.chiesedisicilia.org\/chiesedisicilia\/news\/wp-json\/wp\/v2\/types\/post"}],"author":[{"embeddable":true,"href":"https:\/\/www.chiesedisicilia.org\/chiesedisicilia\/news\/wp-json\/wp\/v2\/users\/1"}],"replies":[{"embeddable":true,"href":"https:\/\/www.chiesedisicilia.org\/chiesedisicilia\/news\/wp-json\/wp\/v2\/comments?post=4246"}],"version-history":[{"count":1,"href":"https:\/\/www.chiesedisicilia.org\/chiesedisicilia\/news\/wp-json\/wp\/v2\/posts\/4246\/revisions"}],"predecessor-version":[{"id":22710,"href":"https:\/\/www.chiesedisicilia.org\/chiesedisicilia\/news\/wp-json\/wp\/v2\/posts\/4246\/revisions\/22710"}],"wp:attachment":[{"href":"https:\/\/www.chiesedisicilia.org\/chiesedisicilia\/news\/wp-json\/wp\/v2\/media?parent=4246"}],"wp:term":[{"taxonomy":"category","embeddable":true,"href":"https:\/\/www.chiesedisicilia.org\/chiesedisicilia\/news\/wp-json\/wp\/v2\/categories?post=4246"},{"taxonomy":"post_tag","embeddable":true,"href":"https:\/\/www.chiesedisicilia.org\/chiesedisicilia\/news\/wp-json\/wp\/v2\/tags?post=4246"},{"taxonomy":"news-destination","embeddable":true,"href":"https:\/\/www.chiesedisicilia.org\/chiesedisicilia\/news\/wp-json\/wp\/v2\/news-destination?post=4246"},{"taxonomy":"news-source","embeddable":true,"href":"https:\/\/www.chiesedisicilia.org\/chiesedisicilia\/news\/wp-json\/wp\/v2\/news-source?post=4246"},{"taxonomy":"is_homepage","embeddable":true,"href":"https:\/\/www.chiesedisicilia.org\/chiesedisicilia\/news\/wp-json\/wp\/v2\/is_homepage?post=4246"},{"taxonomy":"ta_other","embeddable":true,"href":"https:\/\/www.chiesedisicilia.org\/chiesedisicilia\/news\/wp-json\/wp\/v2\/ta_other?post=4246"}],"curies":[{"name":"wp","href":"https:\/\/api.w.org\/{rel}","templated":true}]}}