{"id":4241,"date":"2014-05-16T16:47:00","date_gmt":"2014-05-16T14:47:00","guid":{"rendered":"http:\/\/wptestsite.tecnavia.com\/chiesedisicilia_clientsite\/news\/2014\/05\/16\/ragusa-concerto-di-primavera\/"},"modified":"2018-11-12T07:58:39","modified_gmt":"2018-01-16T07:58:39","slug":"ragusa-concerto-di-primavera","status":"publish","type":"post","link":"https:\/\/www.chiesedisicilia.org\/2014\/05\/16\/ragusa-concerto-di-primavera\/","title":{"rendered":"RAGUSA. CONCERTO DI PRIMAVERA"},"content":{"rendered":"<p class=\"MsoNoSpacing\"><span style=\"font-size: medium;\"><span style=\"font-family: 'Times New Roman';\"><span class=\"MsoSubtleEmphasis\">Sabato 10 maggio, alle ore 20.45, presso il\u00a0Santuario dell\u2019Immacolata di Comiso, si tiene il Concerto di Primavera, a cura del\u00a0Coro e Orchestra \u201cCalicantus\u201d, diretto dal\u00a0M\u00b0 Giovanni Giaquinta. L\u2019interpretazione dei testi \u00e8 affidata alle voci del regista e attore\u00a0Gianni Battaglia\u00a0e dell\u2019attrice\u00a0Milena Nobile.<\/span><\/span><\/span><span class=\"MsoSubtleEmphasis\"><span style=\"font-size: 12pt; font-family: 'Times New Roman', serif;\"><o:p><\/o:p><\/span><\/span><\/p>\n<p class=\"MsoNoSpacing\"><span style=\"font-size: medium;\"><span style=\"font-family: 'Times New Roman';\"><span class=\"MsoSubtleEmphasis\">L\u2019iniziativa \u00e8 promossa dall\u2019Ufficio per la Cultura della Diocesi di Ragusa, dall\u2019Associazione \u201cCalicantus\u201d, e da 4 Club Service di Comiso: Lions, Rotary, Kiwanis e Fidapa.<\/span><\/span><\/span><span class=\"MsoSubtleEmphasis\"><span style=\"font-size: 12pt; font-family: 'Times New Roman', serif;\"><o:p><\/o:p><\/span><\/span><\/p>\n<p class=\"MsoNoSpacing\"><span style=\"font-size: medium;\"><span style=\"font-family: 'Times New Roman';\"><span class=\"MsoSubtleEmphasis\">&#8220;Un\u2019occasione unica per ritrovarsi a riflettere attorno ai grandi temi della ricerca del senso della vita, il difficile confronto con la verit\u00e0 di se stessi, lo stare in un ambiente gradualmente scoperto come \u201cdivino\u201d; il tutto &#8211; si legge in una nota stampa della Diocesi &#8211; attraverso i nobili canali della cultura, quale la musica d\u2019autore, il teatro, la poesia, gli scritti sacri e mistici, proposti da maestri dello spirito e della letteratura, al fine di innalzare l\u2019animo alla bellezza. Le riflessioni poetiche proposte da Rilke, Quasimodo, Bonhoeffer, H\u00f6lderlin, Lorenzo de\u2019 Medici, Agostino nonch\u00e9 citazioni di testi sapienziali, entreranno nel dialogo appassionato tra due strani amanti e offriranno il ritmo vitale ai brani musicali di Caccini, Jenkins, Frisina e ad altri suggestivi brani strumentali. Nel clima pasquale in corso, la serata costituisce una preziosa opportunit\u00e0 di poter meditare sulla propria vita e sulla storia umana, alla stregua di uno stelo che si tende dal buio della terra in cui giace un seme frantumato, nell\u2019attesa di una pienezza intravista e gi\u00e0 assaporata attraverso uno stretto passaggio, quale la Pasqua di Nostro Signore Ges\u00f9 Cristo ha gi\u00e0 ampiamente aperto per noi\u2026 La trasfigurazione del dolore in gioia attraverso la croce di Cristo rimane sempre il traguardo pi\u00f9 arduo e pi\u00f9 sperato da raggiungere. E chiss\u00e0 &#8211; conclude il comunicato &#8211; se una serata d\u2019arte non possa aiutare a ritrovare il senso nascosto e lucente degli eventi della nostra storia&#8221;.<\/span><\/span><\/span><span class=\"MsoSubtleEmphasis\"><span style=\"font-size: 12pt; font-family: 'Times New Roman', serif;\"><o:p><\/o:p><\/span><\/span><\/p>\n<p class=\"MsoNoSpacing\"><span style=\"font-size: medium;\"><span style=\"font-family: 'Times New Roman';\"><span class=\"MsoSubtleEmphasis\">L\u2019ingresso \u00e8 libero e aperto a tutti. [01]<\/span><\/span><\/span><span class=\"MsoSubtleEmphasis\"><span style=\"font-size: 12pt; font-family: 'Times New Roman', serif;\"><o:p><\/o:p><\/span><\/span><\/p>\n","protected":false},"excerpt":{"rendered":"","protected":false},"author":1,"featured_media":0,"comment_status":"open","ping_status":"open","sticky":false,"template":"","format":"standard","meta":[],"categories":[30],"tags":[],"news-destination":[],"news-source":[],"is_homepage":[],"ta_other":[],"_links":{"self":[{"href":"https:\/\/www.chiesedisicilia.org\/chiesedisicilia\/news\/wp-json\/wp\/v2\/posts\/4241"}],"collection":[{"href":"https:\/\/www.chiesedisicilia.org\/chiesedisicilia\/news\/wp-json\/wp\/v2\/posts"}],"about":[{"href":"https:\/\/www.chiesedisicilia.org\/chiesedisicilia\/news\/wp-json\/wp\/v2\/types\/post"}],"author":[{"embeddable":true,"href":"https:\/\/www.chiesedisicilia.org\/chiesedisicilia\/news\/wp-json\/wp\/v2\/users\/1"}],"replies":[{"embeddable":true,"href":"https:\/\/www.chiesedisicilia.org\/chiesedisicilia\/news\/wp-json\/wp\/v2\/comments?post=4241"}],"version-history":[{"count":1,"href":"https:\/\/www.chiesedisicilia.org\/chiesedisicilia\/news\/wp-json\/wp\/v2\/posts\/4241\/revisions"}],"predecessor-version":[{"id":22705,"href":"https:\/\/www.chiesedisicilia.org\/chiesedisicilia\/news\/wp-json\/wp\/v2\/posts\/4241\/revisions\/22705"}],"wp:attachment":[{"href":"https:\/\/www.chiesedisicilia.org\/chiesedisicilia\/news\/wp-json\/wp\/v2\/media?parent=4241"}],"wp:term":[{"taxonomy":"category","embeddable":true,"href":"https:\/\/www.chiesedisicilia.org\/chiesedisicilia\/news\/wp-json\/wp\/v2\/categories?post=4241"},{"taxonomy":"post_tag","embeddable":true,"href":"https:\/\/www.chiesedisicilia.org\/chiesedisicilia\/news\/wp-json\/wp\/v2\/tags?post=4241"},{"taxonomy":"news-destination","embeddable":true,"href":"https:\/\/www.chiesedisicilia.org\/chiesedisicilia\/news\/wp-json\/wp\/v2\/news-destination?post=4241"},{"taxonomy":"news-source","embeddable":true,"href":"https:\/\/www.chiesedisicilia.org\/chiesedisicilia\/news\/wp-json\/wp\/v2\/news-source?post=4241"},{"taxonomy":"is_homepage","embeddable":true,"href":"https:\/\/www.chiesedisicilia.org\/chiesedisicilia\/news\/wp-json\/wp\/v2\/is_homepage?post=4241"},{"taxonomy":"ta_other","embeddable":true,"href":"https:\/\/www.chiesedisicilia.org\/chiesedisicilia\/news\/wp-json\/wp\/v2\/ta_other?post=4241"}],"curies":[{"name":"wp","href":"https:\/\/api.w.org\/{rel}","templated":true}]}}