{"id":4234,"date":"2014-03-25T10:24:00","date_gmt":"2014-03-25T09:24:00","guid":{"rendered":"http:\/\/wptestsite.tecnavia.com\/chiesedisicilia_clientsite\/news\/2014\/03\/25\/ragusa-sicilia-porta-del-mediterraneo-immigrazione-rischio-epidemiologico-di-vecchie-e-nuove-malattie\/"},"modified":"2018-11-12T07:58:39","modified_gmt":"2018-01-16T07:58:39","slug":"ragusa-sicilia-porta-del-mediterraneo-immigrazione-rischio-epidemiologico-di-vecchie-e-nuove-malattie","status":"publish","type":"post","link":"https:\/\/www.chiesedisicilia.org\/2014\/03\/25\/ragusa-sicilia-porta-del-mediterraneo-immigrazione-rischio-epidemiologico-di-vecchie-e-nuove-malattie\/","title":{"rendered":"RAGUSA. &#8220;SICILIA PORTA DEL MEDITERRANEO: IMMIGRAZIONE, RISCHIO EPIDEMIOLOGICO DI VECCHIE E NUOVE MALATTIE&#8221;"},"content":{"rendered":"<div>&#8220;Sicilia porta del mediterraneo: Immigrazione, rischio epidemiologico di vecchie e nuove malattie&#8221; \u00e8 il tema della conferenza che, organizzata dalla Cattedra di &#8220;Dialogo tra le culture&#8221;, dai Lions Club Ragusa e dell&#8217;Asp, si terr\u00e0 sabato 29 marzo alle ore 10 presso la sala Avis della diocesi. \u00a0<\/div>\n<div>\u00a0<\/div>\n<div>L&#8217;incontro approfondir\u00e0 &#8211; cos\u00ec si legge nel comunicato stampa &#8211; &#8220;un argomento di pregnante attualit\u00e0 per la nostra provincia e per la nazione intera: persone immigrate provenienti da aree del mediterraneo a basso controllo sanitario potrebbero essere veicolo di vecchie malattie, attualmente ben controllate nel nostro territorio, o nuove malattie con rischi  sullo stato di salute della intera popolazione (&#8230;.) La conoscenza dei percorsi sanitari, dall\u2019emergenza degli sbarchi alla continuit\u00e0 assistenziale degli immigrati momentaneamente residenti, sicuramente concorrer\u00e0 a tranquillizzare la popolazione autoctona residente e metter\u00e0 in evidenza l\u2019immane sforzo prodotto dalla prefettura, dalle nostre strutture assistenziali e dalle strutture di volontariato, specie d\u2019ispirazione cristiana, nel gestire l\u2019emergenza montante del fenomeno migratorio&#8221;<\/div>\n<div>\u00a0<\/div>\n<div>Interverranno all&#8217;incontro Mons. Paolo Urso, vescovo di Ragusa, Lucia Borsellino, assessore regionale alla salute, Annunziato Vard\u00e8, prefetto di Ragusa, Vito Amato, direttore sanitario ff. commissario straordinario dell\u2019ASP di Ragusa e Angelo Aliqu\u00f2, direttore generale SEUS. La dott.ssa Simona La Placa, Segretario Nazionale S.I.M.M. (Societ\u00e0 Italiana Medicina delle Migrazioni), affronter\u00e0 l\u2019argomento \u201cLe nuove e vecchie malattie importate: reale rischio di epidemie?\u201d.<\/div>\n<div>\u00a0<\/div>\n","protected":false},"excerpt":{"rendered":"","protected":false},"author":1,"featured_media":0,"comment_status":"open","ping_status":"open","sticky":false,"template":"","format":"standard","meta":[],"categories":[30],"tags":[],"news-destination":[],"news-source":[],"is_homepage":[],"ta_other":[],"_links":{"self":[{"href":"https:\/\/www.chiesedisicilia.org\/chiesedisicilia\/news\/wp-json\/wp\/v2\/posts\/4234"}],"collection":[{"href":"https:\/\/www.chiesedisicilia.org\/chiesedisicilia\/news\/wp-json\/wp\/v2\/posts"}],"about":[{"href":"https:\/\/www.chiesedisicilia.org\/chiesedisicilia\/news\/wp-json\/wp\/v2\/types\/post"}],"author":[{"embeddable":true,"href":"https:\/\/www.chiesedisicilia.org\/chiesedisicilia\/news\/wp-json\/wp\/v2\/users\/1"}],"replies":[{"embeddable":true,"href":"https:\/\/www.chiesedisicilia.org\/chiesedisicilia\/news\/wp-json\/wp\/v2\/comments?post=4234"}],"version-history":[{"count":1,"href":"https:\/\/www.chiesedisicilia.org\/chiesedisicilia\/news\/wp-json\/wp\/v2\/posts\/4234\/revisions"}],"predecessor-version":[{"id":22698,"href":"https:\/\/www.chiesedisicilia.org\/chiesedisicilia\/news\/wp-json\/wp\/v2\/posts\/4234\/revisions\/22698"}],"wp:attachment":[{"href":"https:\/\/www.chiesedisicilia.org\/chiesedisicilia\/news\/wp-json\/wp\/v2\/media?parent=4234"}],"wp:term":[{"taxonomy":"category","embeddable":true,"href":"https:\/\/www.chiesedisicilia.org\/chiesedisicilia\/news\/wp-json\/wp\/v2\/categories?post=4234"},{"taxonomy":"post_tag","embeddable":true,"href":"https:\/\/www.chiesedisicilia.org\/chiesedisicilia\/news\/wp-json\/wp\/v2\/tags?post=4234"},{"taxonomy":"news-destination","embeddable":true,"href":"https:\/\/www.chiesedisicilia.org\/chiesedisicilia\/news\/wp-json\/wp\/v2\/news-destination?post=4234"},{"taxonomy":"news-source","embeddable":true,"href":"https:\/\/www.chiesedisicilia.org\/chiesedisicilia\/news\/wp-json\/wp\/v2\/news-source?post=4234"},{"taxonomy":"is_homepage","embeddable":true,"href":"https:\/\/www.chiesedisicilia.org\/chiesedisicilia\/news\/wp-json\/wp\/v2\/is_homepage?post=4234"},{"taxonomy":"ta_other","embeddable":true,"href":"https:\/\/www.chiesedisicilia.org\/chiesedisicilia\/news\/wp-json\/wp\/v2\/ta_other?post=4234"}],"curies":[{"name":"wp","href":"https:\/\/api.w.org\/{rel}","templated":true}]}}