{"id":4229,"date":"2014-02-17T11:31:00","date_gmt":"2014-02-17T10:31:00","guid":{"rendered":"http:\/\/wptestsite.tecnavia.com\/chiesedisicilia_clientsite\/news\/2014\/02\/17\/ragusa-dottrina-sociale-della-chiesa-un-magistero-di-speranza-2\/"},"modified":"2018-11-12T07:58:39","modified_gmt":"2018-01-16T07:58:39","slug":"ragusa-dottrina-sociale-della-chiesa-un-magistero-di-speranza-2","status":"publish","type":"post","link":"https:\/\/www.chiesedisicilia.org\/2014\/02\/17\/ragusa-dottrina-sociale-della-chiesa-un-magistero-di-speranza-2\/","title":{"rendered":"RAGUSA. DOTTRINA SOCIALE DELLA CHIESA: UN MAGISTERO DI SPERANZA"},"content":{"rendered":"<p class=\"MsoNoSpacing\"><span style=\"font-size: medium;\"><span style=\"font-family: 'Times New Roman';\"><span style=\"font-style: normal;\">&#8220;<\/span>Chiedo a Dio che cresca il numero di politici capaci di entrare in un autentico dialogo che si orienti efficacemente a sanare le radici profonde e non l&#8217;apparenza dei mali del nostro mondo. La politica, tanto denigrata, \u00e8 una vocazione altissima, \u00e8 una delle forme pi\u00f9 preziose della carit\u00e0, perch\u00e9 cerca il bene comune<span style=\"font-style: normal;\">&#8220;<\/span>, scrive il Papa, &#8220;\u00e8 indispensabile che i governanti &#8230; alzino lo sguardo e amplino le loro prospettive, che facciano in modo che ci sia un lavoro degno, istruzione e assistenza sanitaria per tutti i cittadini. E perch\u00e9 non ricorrere a Dio affinch\u00e9 ispiri i loro piani? sono convinto che a partire da un&#8217;apertura alla trascendenza potrebbe formarsi una nuova mentalit\u00e0 politica<span class=\"apple-converted-space\">\u00a0<\/span>&#8230;&#8221;.<\/span><\/span><span style=\"font-size:12.0pt;\nfont-family:\"Times New Roman\",\"serif\"\"><o:p><\/o:p><\/span><\/p>\n<p class=\"MsoNoSpacing\"><span style=\"font-size: medium;\"><span style=\"font-family: 'Times New Roman';\">Con l&#8217;auspicio di Papa Francesco, si terr\u00e0 mercoled\u00ec<span class=\"apple-converted-space\">\u00a0<\/span>19<span class=\"apple-converted-space\">\u00a0e poi <\/span>marted\u00ec<span class=\"apple-converted-space\">\u00a0<\/span>25 febbraio<span style=\"font-weight: normal;\">,<\/span> il 4\u00b0 incontro<span class=\"apple-converted-space\">\u00a0<\/span>dei \u201cPercorsi (in)formativi di Dottrina Sociale della Chiesa\u201d.<\/span><\/span><span style=\"font-size:12.0pt;font-family:\"Times New Roman\",\"serif\"\"><o:p><\/o:p><\/span><\/p>\n<p class=\"MsoNoSpacing\"><span style=\"font-size: medium;\"><span style=\"font-family: 'Times New Roman';\">Modalit\u00e0 e tempi sono ormai usuali per questa edizione dei &#8220;Percorsi di DSC&#8221;: lo<span class=\"apple-converted-space\">\u00a0<\/span>stesso argomento,<span class=\"apple-converted-space\">\u00a0sia pure da angolature differenti,\u00a0<\/span>sar\u00e0 trattato in due date e in due citt\u00e0 al fine di consentire un&#8217;ampia partecipazione.<\/span><\/span><span style=\"font-size:12.0pt;font-family:\"Times New Roman\",\"serif\"\"><o:p><\/o:p><\/span><\/p>\n<p class=\"MsoNoSpacing\"><span style=\"font-size: medium;\"><span style=\"font-family: 'Times New Roman';\">&#8220;Con questi appuntamenti &#8211; \u00e8 il commento dell&#8217;Ufficio diocesano per la Pastorale sociale &#8211; apriamo il percorso sulla<span class=\"apple-converted-space\">\u00a0<\/span>politica<span style=\"font-weight: normal;\">&#8220;<\/span>.<\/span><\/span><span style=\"font-size:12.0pt;font-family:\"Times New Roman\",\"serif\"\"><o:p><\/o:p><\/span><\/p>\n<p class=\"MsoNoSpacing\"><span style=\"font-size: medium;\"><span style=\"font-family: 'Times New Roman';\">Mercoled\u00ec 19 febbraio\u00a0alle<span class=\"apple-converted-space\">\u00a0<\/span>ore 19.15<span class=\"apple-converted-space\">\u00a0<\/span>a<span class=\"apple-converted-space\">\u00a0<\/span>Ragusa, presso il Centro Pastorale Giovanni Paolo II della<span class=\"apple-converted-space\">\u00a0p<\/span>arrocchia Preziosissimo Sangue<span style=\"font-weight: normal;\"> <\/span>a guidare la riflessione sul tema &#8220;La politica al servizio del bene comune: quali responsabilit\u00e0 per il cristiano\u201d sar\u00e0 Giuseppe Rossi, dell\u2019Universit\u00e0 degli Studi di Catania.<\/span><\/span><span style=\"font-size:12.0pt;font-family:\"Times New Roman\",\"serif\"\"><o:p><\/o:p><\/span><\/p>\n<p class=\"MsoNoSpacing\"><span style=\"font-size: medium;\"><span style=\"font-family: 'Times New Roman';\">Marted\u00ec 25 febbraio<span class=\"apple-converted-space\">\u00a0<\/span>alle<span class=\"apple-converted-space\">\u00a0<\/span>ore 19<span class=\"apple-converted-space\">\u00a0<\/span>a<span class=\"apple-converted-space\">\u00a0<\/span>Vittoria, presso il Salone della<span class=\"apple-converted-space\">\u00a0<\/span>Parrocchia Santuario Madonna della Salute, don<span class=\"apple-converted-space\">\u00a0<\/span>Mario Cascone, docente di Teologia Morale, tratter\u00e0 il tema &#8220;La politica, via istituzionale della carit\u00e0&#8221;.<\/span><\/span><span style=\"font-size:12.0pt;font-family:\"Times New Roman\",\"serif\"\"><o:p><\/o:p><\/span><\/p>\n<p class=\"MsoNoSpacing\"><span style=\"font-size: medium;\"><span style=\"font-family: 'Times New Roman';\">Introduce le serate Renato Meli, direttore dell\u2019Ufficio diocesano della Pastorale Sociale e del Lavoro, il quale interverr\u00e0 su &#8220;Dottrina sociale della Chiesa e politica&#8221;.<\/span><\/span><span style=\"font-size:12.0pt;font-family:\"Times New Roman\",\"serif\"\"><o:p><\/o:p><\/span><\/p>\n<p class=\"MsoNoSpacing\"><span style=\"font-size: medium;\"><span style=\"font-family: 'Times New Roman';\">Il<span class=\"apple-converted-space\">\u00a0<\/span>dibattito<span class=\"apple-converted-space\">\u00a0<\/span>concluder\u00e0 la serata. La partecipazione \u00e8 aperta a tutti. [01]<\/span><\/span><span style=\"font-size:12.0pt;font-family:\"Times New Roman\",\"serif\"\"><o:p><\/o:p><\/span><\/p>\n","protected":false},"excerpt":{"rendered":"","protected":false},"author":1,"featured_media":0,"comment_status":"open","ping_status":"open","sticky":false,"template":"","format":"standard","meta":[],"categories":[30],"tags":[],"news-destination":[],"news-source":[],"is_homepage":[],"ta_other":[],"_links":{"self":[{"href":"https:\/\/www.chiesedisicilia.org\/chiesedisicilia\/news\/wp-json\/wp\/v2\/posts\/4229"}],"collection":[{"href":"https:\/\/www.chiesedisicilia.org\/chiesedisicilia\/news\/wp-json\/wp\/v2\/posts"}],"about":[{"href":"https:\/\/www.chiesedisicilia.org\/chiesedisicilia\/news\/wp-json\/wp\/v2\/types\/post"}],"author":[{"embeddable":true,"href":"https:\/\/www.chiesedisicilia.org\/chiesedisicilia\/news\/wp-json\/wp\/v2\/users\/1"}],"replies":[{"embeddable":true,"href":"https:\/\/www.chiesedisicilia.org\/chiesedisicilia\/news\/wp-json\/wp\/v2\/comments?post=4229"}],"version-history":[{"count":1,"href":"https:\/\/www.chiesedisicilia.org\/chiesedisicilia\/news\/wp-json\/wp\/v2\/posts\/4229\/revisions"}],"predecessor-version":[{"id":22697,"href":"https:\/\/www.chiesedisicilia.org\/chiesedisicilia\/news\/wp-json\/wp\/v2\/posts\/4229\/revisions\/22697"}],"wp:attachment":[{"href":"https:\/\/www.chiesedisicilia.org\/chiesedisicilia\/news\/wp-json\/wp\/v2\/media?parent=4229"}],"wp:term":[{"taxonomy":"category","embeddable":true,"href":"https:\/\/www.chiesedisicilia.org\/chiesedisicilia\/news\/wp-json\/wp\/v2\/categories?post=4229"},{"taxonomy":"post_tag","embeddable":true,"href":"https:\/\/www.chiesedisicilia.org\/chiesedisicilia\/news\/wp-json\/wp\/v2\/tags?post=4229"},{"taxonomy":"news-destination","embeddable":true,"href":"https:\/\/www.chiesedisicilia.org\/chiesedisicilia\/news\/wp-json\/wp\/v2\/news-destination?post=4229"},{"taxonomy":"news-source","embeddable":true,"href":"https:\/\/www.chiesedisicilia.org\/chiesedisicilia\/news\/wp-json\/wp\/v2\/news-source?post=4229"},{"taxonomy":"is_homepage","embeddable":true,"href":"https:\/\/www.chiesedisicilia.org\/chiesedisicilia\/news\/wp-json\/wp\/v2\/is_homepage?post=4229"},{"taxonomy":"ta_other","embeddable":true,"href":"https:\/\/www.chiesedisicilia.org\/chiesedisicilia\/news\/wp-json\/wp\/v2\/ta_other?post=4229"}],"curies":[{"name":"wp","href":"https:\/\/api.w.org\/{rel}","templated":true}]}}