{"id":4227,"date":"2014-02-13T10:15:00","date_gmt":"2014-02-13T09:15:00","guid":{"rendered":"http:\/\/wptestsite.tecnavia.com\/chiesedisicilia_clientsite\/news\/2014\/02\/13\/ragusa-il-prospetto-delle-erogazioni-dell8-per-mille\/"},"modified":"2018-11-12T07:58:39","modified_gmt":"2018-01-16T07:58:39","slug":"ragusa-il-prospetto-delle-erogazioni-dell8-per-mille","status":"publish","type":"post","link":"https:\/\/www.chiesedisicilia.org\/2014\/02\/13\/ragusa-il-prospetto-delle-erogazioni-dell8-per-mille\/","title":{"rendered":"RAGUSA. IL PROSPETTO DELLE EROGAZIONI DELL&#8217;8 PER MILLE"},"content":{"rendered":"<p class=\"MsoNoSpacing\"><span style=\"font-size: medium;\"><span style=\"font-family: 'Times New Roman';\">Il Vescovo di Ragusa, mons. Paolo Urso, ha comunicato il prospetto completo delle erogazioni delle somme derivanti dall&#8217;8 per mille dell&#8217;Irpef effettuate nel 2013 (esercizio 2012). Il rendiconto \u00e8 suddiviso in due macro aree: \u201cesigenze di culto e pastorale\u201d, cui sono stati destinati 613.357,86 euro, e \u201cinterventi caritativi\u201d, per 491.883,81 euro.<\/span><\/span><span style=\"font-size:12.0pt;font-family:\"Times New Roman\",\"serif\"\"><o:p><\/o:p><\/span><\/p>\n<p class=\"MsoNoSpacing\"><span style=\"font-size: medium;\"><span style=\"font-family: 'Times New Roman';\">La prima area di spesa riguarda i nuovi complessi parrocchiali (tra questi Maria Regina, Maria SS Nunziata e S. Pio X di Ragusa, e Resurrezione e S. Massimiliano Kolbe di Vittoria), il restauro e la conservazione di chiese della diocesi (Parrocchia Santa Maria la Nuova di Chiaramonte Gulfi, Parrocchie San Pietro Apostolo ed Ecce Homo di Ragusa, Immacolata Concezione di Roccazzo e parrocchia San Giovanni Bosco di Vittoria), le spese per il Vescovado e gli Uffici diocesani, la Biblioteca, il Seminario e l&#8217;Istituto Teologico ibleo, i Consultori e gli Oratori, i giovani sacerdoti che studiano a Roma.<\/span><\/span><span style=\"font-size:12.0pt;font-family:\"Times New Roman\",\"serif\"\"><o:p><\/o:p><\/span><\/p>\n<p class=\"MsoNoSpacing\"><span style=\"font-size: medium;\"><span style=\"font-family: 'Times New Roman';\">Numerosi e pi\u00f9 consistenti gli interventi destinati all&#8217;area della Carit\u00e0, con la distribuzione di sussidi alle persone bisognose, ai centri d&#8217;ascolto (di Ragusa, Comiso e Vittoria) e alle singole parrocchie operanti in aree di disagio sociale. Numerosi anche i progetti finanziati e i contributi dati a singole associazioni che operano nel settore della disabilit\u00e0, della prevenzione e cura delle tossicodipendenze, dei migranti e del disagio in generale.<\/span><\/span><span style=\"font-size:12.0pt;font-family:\"Times New Roman\",\"serif\"\"><o:p><\/o:p><\/span><\/p>\n<p class=\"MsoNoSpacing\"><span style=\"font-size: medium;\"><span style=\"font-family: 'Times New Roman';\">Arrivano a 60.000 euro le somme destinate a progetti segnalati da missionari di origini iblee che operano generosamente in diverse parti del mondo.<\/span><\/span><span style=\"font-size:12.0pt;font-family:\"Times New Roman\",\"serif\"\"><o:p><\/o:p><\/span><\/p>\n<p class=\"MsoNoSpacing\"><span style=\"font-size: medium;\"><span style=\"font-family: 'Times New Roman';\"><span style=\"font-style: normal;\">\u201c<\/span>Vogliamo condividere\u00a0con tutti i credenti e i cittadini che vivono nel territorio della Diocesi di Ragusa\u00a0<\/span><\/span><span style=\"font-family: 'Times New Roman'; font-size: medium;\">\u00a0&#8211;<\/span><span class=\"apple-converted-space\" style=\"font-family: 'Times New Roman'; font-size: medium;\">\u00a0<\/span><span style=\"font-family: 'Times New Roman'; font-size: medium;\">conferma il Vescovo<\/span><span class=\"apple-converted-space\" style=\"font-family: 'Times New Roman'; font-size: medium;\">\u00a0<\/span><span style=\"font-family: 'Times New Roman'; font-size: medium;\">&#8211;<\/span><span style=\"font-family: 'Times New Roman'; font-size: medium;\">, la nostra fatica di cercare di utilizzare al meglio le risorse che ci provengono dall&#8217;8 per mille sull&#8217;Irpef versata da tanti contribuenti. Vogliamo cio\u00e8 dare trasparenza alle nostre scelte, che quest&#8217;anno hanno accentuato la priorit\u00e0 tradizionalmente riservata dalla nostra Diocesi ai segni di solidariet\u00e0 verso i bisogni delle persone coinvolte dalla grave crisi economica e dal conseguente disagio sociale. Ci\u00f2, tuttavia, senza rinunciare alle esigenze di culto e pastorali che la comunit\u00e0 ecclesiale iblea ci richiede, e allo spirito di testimonianza che tanti riconoscimenti ci procura da parte delle Istituzioni e del popolo ragusano<\/span><span style=\"font-family: 'Times New Roman'; font-size: medium;\">\u201d<\/span><span style=\"font-family: 'Times New Roman'; font-size: medium;\">.\u00a0[01]<\/span><\/p>\n","protected":false},"excerpt":{"rendered":"","protected":false},"author":1,"featured_media":0,"comment_status":"open","ping_status":"open","sticky":false,"template":"","format":"standard","meta":[],"categories":[30],"tags":[],"news-destination":[],"news-source":[],"is_homepage":[],"ta_other":[],"_links":{"self":[{"href":"https:\/\/www.chiesedisicilia.org\/chiesedisicilia\/news\/wp-json\/wp\/v2\/posts\/4227"}],"collection":[{"href":"https:\/\/www.chiesedisicilia.org\/chiesedisicilia\/news\/wp-json\/wp\/v2\/posts"}],"about":[{"href":"https:\/\/www.chiesedisicilia.org\/chiesedisicilia\/news\/wp-json\/wp\/v2\/types\/post"}],"author":[{"embeddable":true,"href":"https:\/\/www.chiesedisicilia.org\/chiesedisicilia\/news\/wp-json\/wp\/v2\/users\/1"}],"replies":[{"embeddable":true,"href":"https:\/\/www.chiesedisicilia.org\/chiesedisicilia\/news\/wp-json\/wp\/v2\/comments?post=4227"}],"version-history":[{"count":1,"href":"https:\/\/www.chiesedisicilia.org\/chiesedisicilia\/news\/wp-json\/wp\/v2\/posts\/4227\/revisions"}],"predecessor-version":[{"id":22691,"href":"https:\/\/www.chiesedisicilia.org\/chiesedisicilia\/news\/wp-json\/wp\/v2\/posts\/4227\/revisions\/22691"}],"wp:attachment":[{"href":"https:\/\/www.chiesedisicilia.org\/chiesedisicilia\/news\/wp-json\/wp\/v2\/media?parent=4227"}],"wp:term":[{"taxonomy":"category","embeddable":true,"href":"https:\/\/www.chiesedisicilia.org\/chiesedisicilia\/news\/wp-json\/wp\/v2\/categories?post=4227"},{"taxonomy":"post_tag","embeddable":true,"href":"https:\/\/www.chiesedisicilia.org\/chiesedisicilia\/news\/wp-json\/wp\/v2\/tags?post=4227"},{"taxonomy":"news-destination","embeddable":true,"href":"https:\/\/www.chiesedisicilia.org\/chiesedisicilia\/news\/wp-json\/wp\/v2\/news-destination?post=4227"},{"taxonomy":"news-source","embeddable":true,"href":"https:\/\/www.chiesedisicilia.org\/chiesedisicilia\/news\/wp-json\/wp\/v2\/news-source?post=4227"},{"taxonomy":"is_homepage","embeddable":true,"href":"https:\/\/www.chiesedisicilia.org\/chiesedisicilia\/news\/wp-json\/wp\/v2\/is_homepage?post=4227"},{"taxonomy":"ta_other","embeddable":true,"href":"https:\/\/www.chiesedisicilia.org\/chiesedisicilia\/news\/wp-json\/wp\/v2\/ta_other?post=4227"}],"curies":[{"name":"wp","href":"https:\/\/api.w.org\/{rel}","templated":true}]}}