{"id":4223,"date":"2014-02-06T14:22:00","date_gmt":"2014-02-06T13:22:00","guid":{"rendered":"http:\/\/wptestsite.tecnavia.com\/chiesedisicilia_clientsite\/news\/2014\/02\/06\/ragusa-orizzonti-di-corresponsabilita-carnage\/"},"modified":"2018-11-12T07:58:39","modified_gmt":"2018-01-16T07:58:39","slug":"ragusa-orizzonti-di-corresponsabilita-carnage","status":"publish","type":"post","link":"https:\/\/www.chiesedisicilia.org\/2014\/02\/06\/ragusa-orizzonti-di-corresponsabilita-carnage\/","title":{"rendered":"RAGUSA. \u201cORIZZONTI DI CORRESPONSABILIT\u00c0\u201d: \u201cCARNAGE\u201d"},"content":{"rendered":"<p class=\"MsoNoSpacing\"><span style=\"font-size: medium;\"><span style=\"font-family: 'Times New Roman';\">Continua la rassegna \u201cOrizzonti di corresponsabilit\u00e0\u201d organizzata dall\u2019Ufficio per la Cultura della Diocesi di Ragusa\u00a0con il film \u201cCarnage\u201d di\u00a0Roman Polanski. La proiezione, ad ingresso libero, sar\u00e0 effettuata al Cinema Lumi\u00e8re di Ragusa,\u00a0luned\u00ec 10 febbraio, alle ore 20.<\/span><\/span><span style=\"font-size:12.0pt;font-family:\"Times New Roman\",\"serif\";\nmso-fareast-language:IT\"><o:p><\/o:p><\/span><\/p>\n<p class=\"MsoNoSpacing\"><span style=\"font-size: medium;\"><span style=\"font-family: 'Times New Roman';\">Un film, si legge nella nota stampa di presentazione, \u201cdissacratore nei confronti di una mentalit\u00e0 borghese che imprigiona gli uomini in una vita inautentica e, contrariamente ai propositi apertamente proclamati, amorale e irresponsabile. Un\u2019implacabile operetta morale sul fallimento clamoroso dei migliori proponimenti di pace, sull\u2019incapacit\u00e0 di trovare un minimo accordo su ci\u00f2 che \u00e8 giusto fare, o al limite anche solamente su ci\u00f2 che \u00e8 giusto dire, sul trionfo dei peggiori istinti, all\u2019interno di un quadro sociale dove nessuno spazio \u00e8 pi\u00f9 lasciato al prendersi cura della propria anima e dell\u2019altro, alla speranza di un mondo migliore. Il film \u00e8 una lezione da parte del grande maestro polacco sull\u2019importanza della corresponsabilit\u00e0 nell\u2019educazione dei figli e pi\u00f9 in generale per la vita delle famiglie e della societ\u00e0. Una corresponsabilit\u00e0 che non pu\u00f2 prescindere da una corretta e leale comunicazione\u201d.<\/span><\/span><span style=\"font-size:12.0pt;font-family:\"Times New Roman\",\"serif\";\nmso-fareast-language:IT\"><o:p><\/o:p><\/span><\/p>\n<p class=\"MsoNoSpacing\"><span style=\"font-size: medium;\"><span style=\"font-family: 'Times New Roman';\">La proiezione sar\u00e0 preceduta da un\u2019introduzione e seguita da dibattito. Sono invitati in particolar modo genitori, insegnanti, giovani e quanti operano nel sociale.<\/span><\/span><span style=\"font-size:12.0pt;font-family:\"Times New Roman\",\"serif\";\nmso-fareast-language:IT\"><o:p><\/o:p><\/span><\/p>\n<p class=\"MsoNoSpacing\"><span style=\"font-size: medium;\"><span style=\"font-family: 'Times New Roman';\">Il percorso proposto dall\u2019Ufficio diocesano per la Cultura, composto da sei film d\u2019autore, si snoda nelle citt\u00e0 di Comiso, Ragusa e Vittoria, ed intende affrontare diversi aspetti della corresponsabilit\u00e0: la dimensione relazionale dell\u2019essere umano, l\u2019appello dell\u2019altro alla coscienza, la responsabilit\u00e0 di coppia, di famiglia, di giovani, di educatori e di cittadini, l\u2019impegno in una politica di valori, la solidariet\u00e0, gli ostacoli e le radici del male, le scelte di vita e il discernimento per la giustizia, il \u201cprezzo\u201d dell\u2019amore.<\/span><\/span><span style=\"font-size:12.0pt;font-family:\"Times New Roman\",\"serif\";\nmso-fareast-language:IT\"><o:p><\/o:p><\/span><\/p>\n<p class=\"MsoNoSpacing\"><span style=\"font-size: medium;\"><span style=\"font-family: 'Times New Roman';\">\u201cNel contesto attuale, particolarmente povero di valori e di senso \u2013 \u00e8 il commento degli organizzatori della manifestazione &#8211; urge sempre pi\u00f9 riscoprire quell\u2019inesauribile dono di senso dato dall\u2019istituzione della responsabilit\u00e0 radicale: non la responsabilit\u00e0 come \u201cresponsabilit\u00e0 per l\u2019io\u201d, bens\u00ec come \u00abresponsabilit\u00e0 indeclinabile per l\u2019altro\u00bb, anteriorit\u00e0 e priorit\u00e0 sull\u2019io, in specie quando si presenta sotto le vesti del povero, dello straniero, del sofferente. Si dischiuderebbero cos\u00ec importanti cammini di riconciliazione e di corresponsabilit\u00e0, in cui ognuno avrebbe certamente molto da dare e dove le grandi tradizioni religiose dell\u2019umanit\u00e0 potrebbero riscoprirsi unite nel fondare in un orizzonte trascendente le grandi scelte (morali) che ancora attendono l\u2019umanit\u00e0\u201d. [01]<\/span><\/span><span style=\"font-size:12.0pt;font-family:\"Times New Roman\",\"serif\";\nmso-fareast-language:IT\"><o:p><\/o:p><\/span><\/p>\n","protected":false},"excerpt":{"rendered":"","protected":false},"author":1,"featured_media":0,"comment_status":"open","ping_status":"open","sticky":false,"template":"","format":"standard","meta":[],"categories":[30],"tags":[],"news-destination":[],"news-source":[],"is_homepage":[],"ta_other":[],"_links":{"self":[{"href":"https:\/\/www.chiesedisicilia.org\/chiesedisicilia\/news\/wp-json\/wp\/v2\/posts\/4223"}],"collection":[{"href":"https:\/\/www.chiesedisicilia.org\/chiesedisicilia\/news\/wp-json\/wp\/v2\/posts"}],"about":[{"href":"https:\/\/www.chiesedisicilia.org\/chiesedisicilia\/news\/wp-json\/wp\/v2\/types\/post"}],"author":[{"embeddable":true,"href":"https:\/\/www.chiesedisicilia.org\/chiesedisicilia\/news\/wp-json\/wp\/v2\/users\/1"}],"replies":[{"embeddable":true,"href":"https:\/\/www.chiesedisicilia.org\/chiesedisicilia\/news\/wp-json\/wp\/v2\/comments?post=4223"}],"version-history":[{"count":1,"href":"https:\/\/www.chiesedisicilia.org\/chiesedisicilia\/news\/wp-json\/wp\/v2\/posts\/4223\/revisions"}],"predecessor-version":[{"id":22687,"href":"https:\/\/www.chiesedisicilia.org\/chiesedisicilia\/news\/wp-json\/wp\/v2\/posts\/4223\/revisions\/22687"}],"wp:attachment":[{"href":"https:\/\/www.chiesedisicilia.org\/chiesedisicilia\/news\/wp-json\/wp\/v2\/media?parent=4223"}],"wp:term":[{"taxonomy":"category","embeddable":true,"href":"https:\/\/www.chiesedisicilia.org\/chiesedisicilia\/news\/wp-json\/wp\/v2\/categories?post=4223"},{"taxonomy":"post_tag","embeddable":true,"href":"https:\/\/www.chiesedisicilia.org\/chiesedisicilia\/news\/wp-json\/wp\/v2\/tags?post=4223"},{"taxonomy":"news-destination","embeddable":true,"href":"https:\/\/www.chiesedisicilia.org\/chiesedisicilia\/news\/wp-json\/wp\/v2\/news-destination?post=4223"},{"taxonomy":"news-source","embeddable":true,"href":"https:\/\/www.chiesedisicilia.org\/chiesedisicilia\/news\/wp-json\/wp\/v2\/news-source?post=4223"},{"taxonomy":"is_homepage","embeddable":true,"href":"https:\/\/www.chiesedisicilia.org\/chiesedisicilia\/news\/wp-json\/wp\/v2\/is_homepage?post=4223"},{"taxonomy":"ta_other","embeddable":true,"href":"https:\/\/www.chiesedisicilia.org\/chiesedisicilia\/news\/wp-json\/wp\/v2\/ta_other?post=4223"}],"curies":[{"name":"wp","href":"https:\/\/api.w.org\/{rel}","templated":true}]}}