{"id":4221,"date":"2014-01-27T09:02:00","date_gmt":"2014-01-27T08:02:00","guid":{"rendered":"http:\/\/wptestsite.tecnavia.com\/chiesedisicilia_clientsite\/news\/2014\/01\/27\/ragusa-giornata-della-memoria-la-rosa-bianca\/"},"modified":"2018-11-12T07:58:39","modified_gmt":"2018-01-16T07:58:39","slug":"ragusa-giornata-della-memoria-la-rosa-bianca","status":"publish","type":"post","link":"https:\/\/www.chiesedisicilia.org\/2014\/01\/27\/ragusa-giornata-della-memoria-la-rosa-bianca\/","title":{"rendered":"RAGUSA. GIORNATA DELLA MEMORIA: \u201cLA ROSA BIANCA\u201d"},"content":{"rendered":"<p class=\"MsoNormal\"><span style=\"font-size: medium;\"><span style=\"font-family: 'Times New Roman';\"><span style=\"color: windowtext;\">Continua la rassegna \u201cOrizzonti di corresponsabilit\u00e0\u201d organizzata dall\u2019Ufficio per la Cultura della Diocesi di Ragusa con il film \u201cLa Rosa Bianca\u201d di Marc Rothemund (Germania 2005). La proiezione, ad ingresso libero, sar\u00e0 effettuata al Multisala Golden di Vittoria (via Adua 204), luned\u00ec 27 gennaio alle ore 20, in occasione della \u201cGiornata della memoria\u201d.<\/span><\/span><\/span><span style=\"font-size:12.0pt;color:windowtext\"><o:p><\/o:p><\/span><\/p>\n<p class=\"MsoNormal\"><span style=\"font-size: medium;\"><span style=\"font-family: 'Times New Roman';\"><span style=\"color: windowtext;\">Il film narra, in maniera aderente alla realt\u00e0 dei fatti accaduti, la cattura, la breve prigionia, il processo e la condanna alla pena capitale sub\u00ecti da Sophie Scholl e da suo fratello, oltre che da un loro amico, accusati di cospirazione contro il regime di Adolf Hitler perch\u00e9 facenti parte del gruppo clandestino di opposizione denominato<span class=\"apple-converted-space\">\u00a0<\/span><em><span style=\"font-style: normal;\">Rosa Bianca<\/span><\/em>. Quando anche l\u2019istituzione universitaria viene imbavagliata, smette cio\u00e8 di essere veicolo di confronto nonch\u00e9 di libera circolazione di idee, non pu\u00f2 certamente essere la responsabilit\u00e0 di un singolo la causa di tale atrofizzazione antropologica e culturale. Deve esserci una forte corresponsabilit\u00e0 alla base; un sistema ben congegnato dove ognuno svolge, pi\u00f9 o meno liberamente, il suo ruolo, affinch\u00e9 venga preservato e difeso il presunto ordine costituito. E perch\u00e9 tale architettura solida e perversa, basata ora sul consenso ora sull\u2019obbedienza a qualsiasi costo, possa essere combattuta, non bastano le idee di un singolo, ma un\u2019azione di risveglio e formazione della coscienza capace di corresponsabilit\u00e0 altrettanto forte, ed in questo caso impiantata sui valori cristiani, da richiedere persino il sacrificio maggiore: la vita.<\/span><\/span><\/span><span style=\"font-size:12.0pt;color:windowtext\"><o:p><\/o:p><\/span><\/p>\n<p class=\"MsoNormal\"><span style=\"font-size: medium;\"><span style=\"font-family: 'Times New Roman';\"><span style=\"color: windowtext;\">La proiezione sar\u00e0 preceduta da un\u2019introduzione e seguita da dibattito. Sono invitati in particolar modo genitori, insegnanti, giovani e quanti operano nel sociale.<\/span><\/span><\/span><span style=\"font-size:12.0pt;color:windowtext\"><o:p><\/o:p><\/span><\/p>\n<p class=\"MsoNormal\"><span style=\"font-size: medium;\"><span style=\"font-family: 'Times New Roman';\"><span style=\"color: windowtext;\">Il percorso, composto da sei film d\u2019autore, si snoda nelle citt\u00e0 di Comiso (Teatro Naselli), Ragusa (Cinema Lumi\u00e8re) e Vittoria (Multisala Golden), ed \u201cintende affrontare diversi aspetti della corresponsabilit\u00e0: la dimensione relazionale dell\u2019essere umano, l\u2019appello dell\u2019altro alla coscienza, la responsabilit\u00e0 di coppia, di famiglia, di giovani, di educatori e di cittadini, l\u2019impegno in una politica di valori, la solidariet\u00e0, gli ostacoli e le radici del male, le scelte di vita e il discernimento per la giustizia, il \u201cprezzo\u201d dell\u2019amore\u201d. [01]<\/span><\/span><\/span><span style=\"font-size:12.0pt;color:windowtext\"><o:p><\/o:p><\/span><\/p>\n","protected":false},"excerpt":{"rendered":"","protected":false},"author":1,"featured_media":0,"comment_status":"open","ping_status":"open","sticky":false,"template":"","format":"standard","meta":[],"categories":[30],"tags":[],"news-destination":[],"news-source":[],"is_homepage":[],"ta_other":[],"_links":{"self":[{"href":"https:\/\/www.chiesedisicilia.org\/chiesedisicilia\/news\/wp-json\/wp\/v2\/posts\/4221"}],"collection":[{"href":"https:\/\/www.chiesedisicilia.org\/chiesedisicilia\/news\/wp-json\/wp\/v2\/posts"}],"about":[{"href":"https:\/\/www.chiesedisicilia.org\/chiesedisicilia\/news\/wp-json\/wp\/v2\/types\/post"}],"author":[{"embeddable":true,"href":"https:\/\/www.chiesedisicilia.org\/chiesedisicilia\/news\/wp-json\/wp\/v2\/users\/1"}],"replies":[{"embeddable":true,"href":"https:\/\/www.chiesedisicilia.org\/chiesedisicilia\/news\/wp-json\/wp\/v2\/comments?post=4221"}],"version-history":[{"count":1,"href":"https:\/\/www.chiesedisicilia.org\/chiesedisicilia\/news\/wp-json\/wp\/v2\/posts\/4221\/revisions"}],"predecessor-version":[{"id":22685,"href":"https:\/\/www.chiesedisicilia.org\/chiesedisicilia\/news\/wp-json\/wp\/v2\/posts\/4221\/revisions\/22685"}],"wp:attachment":[{"href":"https:\/\/www.chiesedisicilia.org\/chiesedisicilia\/news\/wp-json\/wp\/v2\/media?parent=4221"}],"wp:term":[{"taxonomy":"category","embeddable":true,"href":"https:\/\/www.chiesedisicilia.org\/chiesedisicilia\/news\/wp-json\/wp\/v2\/categories?post=4221"},{"taxonomy":"post_tag","embeddable":true,"href":"https:\/\/www.chiesedisicilia.org\/chiesedisicilia\/news\/wp-json\/wp\/v2\/tags?post=4221"},{"taxonomy":"news-destination","embeddable":true,"href":"https:\/\/www.chiesedisicilia.org\/chiesedisicilia\/news\/wp-json\/wp\/v2\/news-destination?post=4221"},{"taxonomy":"news-source","embeddable":true,"href":"https:\/\/www.chiesedisicilia.org\/chiesedisicilia\/news\/wp-json\/wp\/v2\/news-source?post=4221"},{"taxonomy":"is_homepage","embeddable":true,"href":"https:\/\/www.chiesedisicilia.org\/chiesedisicilia\/news\/wp-json\/wp\/v2\/is_homepage?post=4221"},{"taxonomy":"ta_other","embeddable":true,"href":"https:\/\/www.chiesedisicilia.org\/chiesedisicilia\/news\/wp-json\/wp\/v2\/ta_other?post=4221"}],"curies":[{"name":"wp","href":"https:\/\/api.w.org\/{rel}","templated":true}]}}