{"id":4216,"date":"2013-12-05T16:18:00","date_gmt":"2013-12-05T15:18:00","guid":{"rendered":"http:\/\/wptestsite.tecnavia.com\/chiesedisicilia_clientsite\/news\/2013\/12\/05\/ragusa-i-gesti-della-cura-e-della-cultura-dellospitalita\/"},"modified":"2018-11-12T07:58:39","modified_gmt":"2018-01-16T07:58:39","slug":"ragusa-i-gesti-della-cura-e-della-cultura-dellospitalita","status":"publish","type":"post","link":"https:\/\/www.chiesedisicilia.org\/2013\/12\/05\/ragusa-i-gesti-della-cura-e-della-cultura-dellospitalita\/","title":{"rendered":"RAGUSA. \u201cI GESTI DELLA CURA E DELLA CULTURA DELL\u2019OSPITALIT\u00c0\u201d"},"content":{"rendered":"<p class=\"MsoNormal\"><span style=\"font-size: medium;\"><span style=\"font-family: 'Times New Roman';\">Sar\u00e0 \u00a0mons. Franco Montenegro, \u00a0presidente della Commissione episcopale per le Migrazioni della CEI e Vescovo delegato per la Pastorale della Salute e la Caritas della Conferenza episcopale siciliana a, a guidare \u201cSalute e Immigrazione\u201d, il convegno che si svolge gioved\u00ec 5 dicembre, alle ore 16.30, nella sala Avis di Ragusa. All\u2019attenzione dei partecipanti la riflessione sull&#8217;attuale situazione dei migranti.\u00a0\u201cOggi in Italia sono presenti oltre 5 milioni di persone di 198 nazionalit\u00e0 diverse &#8211; scrive don Giorgio Occhipinti, direttore dell&#8217;Ufficio diocesano per la salute di Ragusa &#8211; soffermandosi a considerare tali dimensioni del fenomeno migratorio nel nostro Paese, si potrebbe facilmente intuire l\u2019importanza di coniugare salute e migrazioni in vista dei processi di integrazione e di costruzione del bene comune. Se poi pensiamo che la maggior parte degli immigrati ha vissuto un periodo nell\u2019irregolarit\u00e0 e nella paura, attraversando situazioni di sofferenza fisica e mentale senza possibilit\u00e0 di poterla condividere, ci accorgiamo che sul tema della cura e dell\u2019ospitalit\u00e0 sono in questione i fondamenti stessi della nostra umanit\u00e0 e gli apporti decisivi che la fede cristiana ha dato alla nostra civilt\u00e0. La nostra coscienza di credenti non pu\u00f2 restare indifferente rispetto alle persone in condizione di maggiore fragilit\u00e0, ma \u00e8 chiamata a farsene carico e a prendersene cura. Guardando alle icone evangeliche del Giudizio finale (Mt 25, 31-46) e del Buon Samaritano (Lc 10, 25-37), dobbiamo imparare a riconoscere il volto di Cristo in coloro che soffrono, spendendoci personalmente e comunitariamente per contrastare diseguaglianze, solitudine e\u00a0abbandono. In questa prospettiva, la nostra cura pastorale diventa anche promozione umana: riconoscimento della dignit\u00e0 delle persone migranti, aiuto nell\u2019accesso ai servizi, tutela dei pi\u00f9 deboli&#8221;.<\/span><\/span><span style=\"font-size:12.0pt;mso-font-kerning:0pt\"><o:p><\/o:p><\/span><\/p>\n<p class=\"MsoNormal\"><span style=\"font-size: medium;\"><span style=\"font-family: 'Times New Roman';\">Nel corso dei lavori verranno evidenziate diverse problematiche. \u201cUn primo aspetto \u00a0riguarda la tutela del diritto alla salute mediante l\u2019accesso ai servizi. I dati provenienti dai medici di famiglia &#8211; continua il direttore &#8211; ci ricordano la lentezza con cui gli immigrati accedono ai servizi sanitari, anche dopo aver ottenuto un titolo di soggiorno. La mancata conoscenza delle istituzioni, l\u2019ignoranza della lingua, la diffidenza naturale portano spesso anche gli immigrati regolari a non avvalersi del medico di famiglia e dei servizi. Questo richiede un accompagnamento che pu\u00f2 essere facilitato da un lavoro di rete sociale e sanitaria. Un simile accompagnamento esige di essere ulteriormente rafforzato nei confronti delle persone irregolari presenti sul territorio del nostro Paese e che, comunque, hanno diritto alla tutela della salute.\u00a0Un secondo aspetto &#8211; continua don Giorgio Occhipinti &#8211;\u00a0interessa la particolare attenzione, in un\u2019ottica anche transculturale, ai servizi di salute mentale. La partenza dalla propria terra, l\u2019abbandono della casa, l\u2019arrivo in un Paese diverso, lo stile di vita differente, la nascita e la crescita in una cultura diversa da quella dei genitori, la mancanza di figure parentali fondamentali (il padre o la madre in specie), le forme di violenza manifesta o subdola, unita a discriminazioni, portano spesso con s\u00e9 problematiche e patologie gravi sul piano della salute mentale\u201d.<\/span><\/span><span style=\"font-size:12.0pt;mso-font-kerning:0pt\"><o:p><\/o:p><\/span><\/p>\n<p class=\"MsoNormal\"><span style=\"font-size: medium;\"><span style=\"font-family: 'Times New Roman';\">Su queste problematiche che richiedono interventi istituzionali \u201ca partire da una \u00a0visione dell\u2019uomo e della societ\u00e0 che il Vangelo illumina,\u00a0sugli aspetti giuridico-normativi, clinico-epidemiologici e socio-assistenziali, attraverso un dialogo fecondo tra questi aspetti e i contenuti della nostra attivit\u00e0 pastorale\u201d, si sofferma il Convegno che propone come \u201cnecessari i \u00a0gesti della cura e della cultura dell\u2019ospitalit\u00e0, base delle relazioni di prossimit\u00e0 di una comunit\u00e0 e dei percorsi educativi\u201d.\u00a0<\/span><\/span><span style=\"font-size:12.0pt;mso-font-kerning:0pt\"><o:p><\/o:p><\/span><\/p>\n<p class=\"MsoNormal\"><span style=\"font-size: medium;\"><span style=\"font-family: 'Times New Roman';\">Oltre all&#8217;Arcivescovo di Agrigento,\u00a0 interverranno: Giorgio Assenza, presidente dell\u2019Ordine degli avvocati di Ragusa e componente dell\u2019Osservatorio giuridico internazionale della Migrazione, il quale relazioner\u00e0 su \u201cDiritto d\u2019asilo e respingimenti\u201d, e Pietro Bonomo, direttore del Simt dell\u2019Asp di Ragusa che parler\u00e0 de \u201cLa multietnicit\u00e0 e la trasfusione del sangue\u201d.<\/span><\/span><span style=\"font-size:12.0pt;mso-font-kerning:0pt\"><o:p><\/o:p><\/span><\/p>\n<p class=\"MsoNormal\"><span style=\"font-size: medium;\"><span style=\"font-family: 'Times New Roman';\">L\u2019appuntamento conclude un corso iniziato il 4 novembre scorso e organizzato dall\u2019Avo, dall\u2019Ufficio Diocesano per la Pastorale della Salute \u00a0con la collaborazione dell\u2019Avis e dell\u2019Asp di Ragusa. [01]<\/span><\/span><span style=\"font-size:12.0pt;\nmso-font-kerning:0pt\"><o:p><\/o:p><\/span><\/p>\n","protected":false},"excerpt":{"rendered":"","protected":false},"author":1,"featured_media":0,"comment_status":"open","ping_status":"open","sticky":false,"template":"","format":"standard","meta":[],"categories":[30],"tags":[],"news-destination":[],"news-source":[],"is_homepage":[],"ta_other":[],"_links":{"self":[{"href":"https:\/\/www.chiesedisicilia.org\/chiesedisicilia\/news\/wp-json\/wp\/v2\/posts\/4216"}],"collection":[{"href":"https:\/\/www.chiesedisicilia.org\/chiesedisicilia\/news\/wp-json\/wp\/v2\/posts"}],"about":[{"href":"https:\/\/www.chiesedisicilia.org\/chiesedisicilia\/news\/wp-json\/wp\/v2\/types\/post"}],"author":[{"embeddable":true,"href":"https:\/\/www.chiesedisicilia.org\/chiesedisicilia\/news\/wp-json\/wp\/v2\/users\/1"}],"replies":[{"embeddable":true,"href":"https:\/\/www.chiesedisicilia.org\/chiesedisicilia\/news\/wp-json\/wp\/v2\/comments?post=4216"}],"version-history":[{"count":1,"href":"https:\/\/www.chiesedisicilia.org\/chiesedisicilia\/news\/wp-json\/wp\/v2\/posts\/4216\/revisions"}],"predecessor-version":[{"id":22684,"href":"https:\/\/www.chiesedisicilia.org\/chiesedisicilia\/news\/wp-json\/wp\/v2\/posts\/4216\/revisions\/22684"}],"wp:attachment":[{"href":"https:\/\/www.chiesedisicilia.org\/chiesedisicilia\/news\/wp-json\/wp\/v2\/media?parent=4216"}],"wp:term":[{"taxonomy":"category","embeddable":true,"href":"https:\/\/www.chiesedisicilia.org\/chiesedisicilia\/news\/wp-json\/wp\/v2\/categories?post=4216"},{"taxonomy":"post_tag","embeddable":true,"href":"https:\/\/www.chiesedisicilia.org\/chiesedisicilia\/news\/wp-json\/wp\/v2\/tags?post=4216"},{"taxonomy":"news-destination","embeddable":true,"href":"https:\/\/www.chiesedisicilia.org\/chiesedisicilia\/news\/wp-json\/wp\/v2\/news-destination?post=4216"},{"taxonomy":"news-source","embeddable":true,"href":"https:\/\/www.chiesedisicilia.org\/chiesedisicilia\/news\/wp-json\/wp\/v2\/news-source?post=4216"},{"taxonomy":"is_homepage","embeddable":true,"href":"https:\/\/www.chiesedisicilia.org\/chiesedisicilia\/news\/wp-json\/wp\/v2\/is_homepage?post=4216"},{"taxonomy":"ta_other","embeddable":true,"href":"https:\/\/www.chiesedisicilia.org\/chiesedisicilia\/news\/wp-json\/wp\/v2\/ta_other?post=4216"}],"curies":[{"name":"wp","href":"https:\/\/api.w.org\/{rel}","templated":true}]}}