{"id":4215,"date":"2013-11-28T19:50:00","date_gmt":"2013-11-28T18:50:00","guid":{"rendered":"http:\/\/wptestsite.tecnavia.com\/chiesedisicilia_clientsite\/news\/2013\/11\/28\/ragusa-lintegrazione-degli-alunni-con-cittadinanza-non-italiana\/"},"modified":"2018-11-12T07:58:39","modified_gmt":"2018-01-16T07:58:39","slug":"ragusa-lintegrazione-degli-alunni-con-cittadinanza-non-italiana","status":"publish","type":"post","link":"https:\/\/www.chiesedisicilia.org\/2013\/11\/28\/ragusa-lintegrazione-degli-alunni-con-cittadinanza-non-italiana\/","title":{"rendered":"RAGUSA. L\u2019INTEGRAZIONE DEGLI ALUNNI CON CITTADINANZA NON ITALIANA"},"content":{"rendered":"<p class=\"MsoNormal\"><span style=\"font-size: medium;\"><span style=\"font-family: 'Times New Roman';\"><span style=\"color: windowtext;\">Giunge al termine \u201cAlterit\u00e0, Responsabilit\u00e0, Solidariet\u00e0. Itinerari educativi tra scienze, culture e sapienza\u201d, il corso dedicato ad insegnanti, educatori e volontari, e promosso dalla Cattedra di \u201cDialogo tra le culture\u201d. L\u2019ultima relazione \u201cNuove linee guida del Ministero per l\u2019integrazione degli alunni con cittadinanza non italiana\u201d sar\u00e0 tenuta da Giovanna Criscione, dirigente tecnico dell\u2019Ufficio scolastico regionale per la Sicilia, gioved\u00ec 28 novembre, alle ore 15.30 al Fondo Antico della Biblioteca del Seminario, in via Roma 109, Ragusa. <\/span><\/span><\/span><span style=\"font-size:12.0pt;color:windowtext\"><o:p><\/o:p><\/span><\/p>\n<p class=\"MsoNormal\"><span style=\"font-size: medium;\"><span style=\"font-family: 'Times New Roman';\"><span style=\"color: windowtext;\">La relatrice si soffermer\u00e0 sui motivi che hanno spinto il Ministero alla redazione di un nuovo documento dopo le linee guida del 2006, traccer\u00e0 il profilo del nuovo contesto scolastico e della relativa pratica dell\u2019accoglienza, ed infine fornir\u00e0 alcune indicazioni operative per una didattica interculturale. All\u2019incontro seguir\u00e0 il laboratorio didattico curato dall\u2019insegnante Ivana Blundo e da Francesca Failla, entrambe esperte in ambito interculturale.<\/span><\/span><\/span><span style=\"font-size:12.0pt;color:windowtext\"><o:p><\/o:p><\/span><\/p>\n<p class=\"MsoNormal\"><span style=\"font-size: medium;\"><span style=\"font-family: 'Times New Roman';\"><span style=\"color: windowtext;\">L\u2019appuntamento di gioved\u00ec chiude cos\u00ec il primo ciclo di lezioni che anche quest\u2019anno hanno riscontrato notevole interesse sia tra i partecipanti che in semplici osservatori esterni. Le tematiche trattate, grazie al loro carattere interdisciplinare e alla loro estrema attualit\u00e0, hanno dato vita ad un proficuo scambio di esperienze e anche ad un allargamento degli orizzonti della razionalit\u00e0, con un\u2019apertura coraggiosa alle sfide poste da societ\u00e0 sempre pi\u00f9 articolate e complesse. La Cattedra riprender\u00e0 il corso rivolto ai professionisti dell\u2019Ordine Forense della Provincia di Ragusa nel prossimo gennaio.<\/span><\/span><\/span><span style=\"font-size:12.0pt;color:windowtext\"><o:p><\/o:p><\/span><\/p>\n<p class=\"MsoNormal\"><span style=\"font-size: medium;\"><span style=\"font-family: 'Times New Roman';\"><span style=\"color: windowtext;\">La Cattedra \u00e8 istituita dalla Pontificia Facolt\u00e0 \u201cSan Bonaventura\u201d di Roma, dalla Diocesi di Ragusa e dalla Provincia di Sicilia dei Frati minori conventuali, in collaborazione con l\u2019Universit\u00e0 di Catania, l\u2019Universit\u00e0 \u201cLa Manouba\u201d di Tunisi, la Prefettura di Ragusa, l\u2019Ordine Forense della Provincia di Ragusa e il Centro studi \u201cCalicantus\u201d. Tra le pubblicazioni scientifiche, ha all\u2019attivo i due volumi \u201cDialogo tra le culture. Ebraismo, Cristianesimo, Islam\u201d e \u201cLa relazione educativa nella post-modernit\u00e0. Itinerari tra scienze, culture e sapienza\u201d, entrambi a cura del direttore della Cattedra, Biagio Aprile, ed editi dalle Edizioni Messaggero. [01]<\/span><\/span><\/span><span style=\"font-size:12.0pt;color:windowtext\"><o:p><\/o:p><\/span><\/p>\n","protected":false},"excerpt":{"rendered":"","protected":false},"author":1,"featured_media":0,"comment_status":"open","ping_status":"open","sticky":false,"template":"","format":"standard","meta":[],"categories":[30],"tags":[],"news-destination":[],"news-source":[],"is_homepage":[],"ta_other":[],"_links":{"self":[{"href":"https:\/\/www.chiesedisicilia.org\/chiesedisicilia\/news\/wp-json\/wp\/v2\/posts\/4215"}],"collection":[{"href":"https:\/\/www.chiesedisicilia.org\/chiesedisicilia\/news\/wp-json\/wp\/v2\/posts"}],"about":[{"href":"https:\/\/www.chiesedisicilia.org\/chiesedisicilia\/news\/wp-json\/wp\/v2\/types\/post"}],"author":[{"embeddable":true,"href":"https:\/\/www.chiesedisicilia.org\/chiesedisicilia\/news\/wp-json\/wp\/v2\/users\/1"}],"replies":[{"embeddable":true,"href":"https:\/\/www.chiesedisicilia.org\/chiesedisicilia\/news\/wp-json\/wp\/v2\/comments?post=4215"}],"version-history":[{"count":1,"href":"https:\/\/www.chiesedisicilia.org\/chiesedisicilia\/news\/wp-json\/wp\/v2\/posts\/4215\/revisions"}],"predecessor-version":[{"id":22679,"href":"https:\/\/www.chiesedisicilia.org\/chiesedisicilia\/news\/wp-json\/wp\/v2\/posts\/4215\/revisions\/22679"}],"wp:attachment":[{"href":"https:\/\/www.chiesedisicilia.org\/chiesedisicilia\/news\/wp-json\/wp\/v2\/media?parent=4215"}],"wp:term":[{"taxonomy":"category","embeddable":true,"href":"https:\/\/www.chiesedisicilia.org\/chiesedisicilia\/news\/wp-json\/wp\/v2\/categories?post=4215"},{"taxonomy":"post_tag","embeddable":true,"href":"https:\/\/www.chiesedisicilia.org\/chiesedisicilia\/news\/wp-json\/wp\/v2\/tags?post=4215"},{"taxonomy":"news-destination","embeddable":true,"href":"https:\/\/www.chiesedisicilia.org\/chiesedisicilia\/news\/wp-json\/wp\/v2\/news-destination?post=4215"},{"taxonomy":"news-source","embeddable":true,"href":"https:\/\/www.chiesedisicilia.org\/chiesedisicilia\/news\/wp-json\/wp\/v2\/news-source?post=4215"},{"taxonomy":"is_homepage","embeddable":true,"href":"https:\/\/www.chiesedisicilia.org\/chiesedisicilia\/news\/wp-json\/wp\/v2\/is_homepage?post=4215"},{"taxonomy":"ta_other","embeddable":true,"href":"https:\/\/www.chiesedisicilia.org\/chiesedisicilia\/news\/wp-json\/wp\/v2\/ta_other?post=4215"}],"curies":[{"name":"wp","href":"https:\/\/api.w.org\/{rel}","templated":true}]}}