{"id":4213,"date":"2013-11-14T17:04:00","date_gmt":"2013-11-14T16:04:00","guid":{"rendered":"http:\/\/wptestsite.tecnavia.com\/chiesedisicilia_clientsite\/news\/2013\/11\/14\/ragusa-noi-siamo-infinito-rassegna-cinemafografica\/"},"modified":"2018-11-12T07:58:39","modified_gmt":"2018-01-16T07:58:39","slug":"ragusa-noi-siamo-infinito-rassegna-cinemafografica","status":"publish","type":"post","link":"https:\/\/www.chiesedisicilia.org\/2013\/11\/14\/ragusa-noi-siamo-infinito-rassegna-cinemafografica\/","title":{"rendered":"RAGUSA. \u201cNOI SIAMO INFINITO\u201d: RASSEGNA CINEMAFOGRAFICA"},"content":{"rendered":"<p class=\"MsoNormal\"><span style=\"font-size: medium;\"><span style=\"font-family: 'Times New Roman';\"><span class=\"MsoSubtleEmphasis\"><span style=\"color: windowtext;\">Dopo il successo delle rassegne cinematografiche degli anni precedenti, ritorna l\u2019iniziativa dell\u2019Ufficio per la cultura della Diocesi di Ragusa con un nuovo percorso di cinema d\u2019autore dal titolo \u201cOrizzonti di corresponsabilit\u00e0\u201d. Il primo appuntamento \u00e8 per luned\u00ec 18 novembre alle ore 20, presso il Teatro Naselli di Comiso, con il film: \u201cNoi siamo infinito\u201d, di Stephen Chbosky.<\/span><\/span><\/span><\/span><span class=\"MsoSubtleEmphasis\"><span style=\"font-size: 12pt; color: windowtext;\"><o:p><\/o:p><\/span><\/span><\/p>\n<p class=\"MsoNormal\"><span style=\"font-size: medium;\"><span style=\"font-family: 'Times New Roman';\"><span class=\"MsoSubtleEmphasis\"><span style=\"color: windowtext;\">Basato sull\u2019acclamato romanzo dello stesso autore che firma la regia, \u201cNoi siamo infinito\u201d \u00e9 una storia sulle difficolt\u00e0 di essere adolescente e di trovare il proprio posto nel mondo. \u201cUna storia \u2013 si legge nella nota stampa sull\u2019appuntamento &#8211; capace di provocare tutti, genitori, insegnanti, educatori e giovani adolescenti, ognuno per la propria parte di responsabilit\u00e0 a cui \u00e8 chiamato\u201d.<\/span><\/span><\/span><\/span><span class=\"MsoSubtleEmphasis\"><span style=\"font-size: 12pt; color: windowtext;\"><o:p><\/o:p><\/span><\/span><\/p>\n<p class=\"MsoNormal\"><span style=\"font-size: medium;\"><span style=\"font-family: 'Times New Roman';\"><span class=\"MsoSubtleEmphasis\"><span style=\"color: windowtext;\">La proiezione sar\u00e0 preceduta da una presentazione del tema e del film in particolare, e sar\u00e0 seguita da dibattito opportunamente guidato. L\u2019invito \u00e8 rivolto particolarmente ai giovani ed a quanti ricoprono ruoli educativi. L\u2019ingresso \u00e8 libero e aperto a tutti.<\/span><\/span><\/span><\/span><span class=\"MsoSubtleEmphasis\"><span style=\"font-size: 12pt; color: windowtext;\"><o:p><\/o:p><\/span><\/span><\/p>\n<p class=\"MsoNormal\"><span style=\"font-size: medium;\"><span style=\"font-family: 'Times New Roman';\"><span class=\"MsoSubtleEmphasis\"><span style=\"color: windowtext;\">\u201cOrizzonti di corresponsabilit\u00e0\u201d \u00e8 un percorso composto da sei film d\u2019autore e corredato di schede di approfondimento e di dibattiti, che si snoda nelle citt\u00e0 di Comiso (Teatro Naselli), Ragusa (Cinema Lumi\u00e8re) e Vittoria (Multisala Golden), ed intende affrontare diversi aspetti della corresponsabilit\u00e0: la dimensione relazionale dell\u2019essere umano, l\u2019appello dell\u2019altro alla coscienza, la responsabilit\u00e0 di coppia, di famiglia, di giovani, di educatori e di cittadini, l\u2019impegno in una politica di valori, la solidariet\u00e0, gli ostacoli e le radici del male, le scelte di vita e il discernimento per la giustizia, il \u201cprezzo\u201d dell\u2019amore.<\/span><\/span><\/span><\/span><span class=\"MsoSubtleEmphasis\"><span style=\"font-size: 12pt; color: windowtext;\"><o:p><\/o:p><\/span><\/span><\/p>\n<p class=\"MsoNormal\"><span style=\"font-size: medium;\"><span style=\"font-family: 'Times New Roman';\"><span class=\"MsoSubtleEmphasis\"><span style=\"color: windowtext;\">\u201cNel contesto attuale, particolarmente povero di valori e di senso \u2013 continua la nota &#8211; \u00a0urge sempre pi\u00f9 riscoprire quell\u2019inesauribile dono di senso dato dall\u2019istituzione della responsabilit\u00e0 radicale: non la responsabilit\u00e0 come \u201cresponsabilit\u00e0 per l\u2019io\u201d, bens\u00ec come \u201cresponsabilit\u00e0 indeclinabile per l\u2019altro\u201d, anteriorit\u00e0 e priorit\u00e0 sull\u2019io, in specie quando si presenta sotto le vesti del povero, dello straniero, del sofferente. Si dischiuderebbero cos\u00ec importanti cammini di riconciliazione e di corresponsabilit\u00e0, in cui ognuno avrebbe certamente molto da dare e dove le grandi tradizioni religiose dell\u2019umanit\u00e0 potrebbero riscoprirsi unite nel fondare in un orizzonte trascendente le grandi scelte (morali) che ancora attendono l\u2019umanit\u00e0\u201d. [01]<\/span><\/span><\/span><\/span><span class=\"MsoSubtleEmphasis\"><span style=\"font-size: 12pt; color: windowtext;\"><o:p><\/o:p><\/span><\/span><\/p>\n","protected":false},"excerpt":{"rendered":"","protected":false},"author":1,"featured_media":0,"comment_status":"open","ping_status":"open","sticky":false,"template":"","format":"standard","meta":[],"categories":[30],"tags":[],"news-destination":[],"news-source":[],"is_homepage":[],"ta_other":[],"_links":{"self":[{"href":"https:\/\/www.chiesedisicilia.org\/chiesedisicilia\/news\/wp-json\/wp\/v2\/posts\/4213"}],"collection":[{"href":"https:\/\/www.chiesedisicilia.org\/chiesedisicilia\/news\/wp-json\/wp\/v2\/posts"}],"about":[{"href":"https:\/\/www.chiesedisicilia.org\/chiesedisicilia\/news\/wp-json\/wp\/v2\/types\/post"}],"author":[{"embeddable":true,"href":"https:\/\/www.chiesedisicilia.org\/chiesedisicilia\/news\/wp-json\/wp\/v2\/users\/1"}],"replies":[{"embeddable":true,"href":"https:\/\/www.chiesedisicilia.org\/chiesedisicilia\/news\/wp-json\/wp\/v2\/comments?post=4213"}],"version-history":[{"count":1,"href":"https:\/\/www.chiesedisicilia.org\/chiesedisicilia\/news\/wp-json\/wp\/v2\/posts\/4213\/revisions"}],"predecessor-version":[{"id":22681,"href":"https:\/\/www.chiesedisicilia.org\/chiesedisicilia\/news\/wp-json\/wp\/v2\/posts\/4213\/revisions\/22681"}],"wp:attachment":[{"href":"https:\/\/www.chiesedisicilia.org\/chiesedisicilia\/news\/wp-json\/wp\/v2\/media?parent=4213"}],"wp:term":[{"taxonomy":"category","embeddable":true,"href":"https:\/\/www.chiesedisicilia.org\/chiesedisicilia\/news\/wp-json\/wp\/v2\/categories?post=4213"},{"taxonomy":"post_tag","embeddable":true,"href":"https:\/\/www.chiesedisicilia.org\/chiesedisicilia\/news\/wp-json\/wp\/v2\/tags?post=4213"},{"taxonomy":"news-destination","embeddable":true,"href":"https:\/\/www.chiesedisicilia.org\/chiesedisicilia\/news\/wp-json\/wp\/v2\/news-destination?post=4213"},{"taxonomy":"news-source","embeddable":true,"href":"https:\/\/www.chiesedisicilia.org\/chiesedisicilia\/news\/wp-json\/wp\/v2\/news-source?post=4213"},{"taxonomy":"is_homepage","embeddable":true,"href":"https:\/\/www.chiesedisicilia.org\/chiesedisicilia\/news\/wp-json\/wp\/v2\/is_homepage?post=4213"},{"taxonomy":"ta_other","embeddable":true,"href":"https:\/\/www.chiesedisicilia.org\/chiesedisicilia\/news\/wp-json\/wp\/v2\/ta_other?post=4213"}],"curies":[{"name":"wp","href":"https:\/\/api.w.org\/{rel}","templated":true}]}}