{"id":4204,"date":"2013-10-11T10:28:00","date_gmt":"2013-10-11T08:28:00","guid":{"rendered":"http:\/\/wptestsite.tecnavia.com\/chiesedisicilia_clientsite\/news\/2013\/10\/11\/ragusa-dialogo-tra-le-culture-alterita-responsabilita-solidarieta\/"},"modified":"2018-11-12T07:58:39","modified_gmt":"2018-01-16T07:58:39","slug":"ragusa-dialogo-tra-le-culture-alterita-responsabilita-solidarieta","status":"publish","type":"post","link":"https:\/\/www.chiesedisicilia.org\/2013\/10\/11\/ragusa-dialogo-tra-le-culture-alterita-responsabilita-solidarieta\/","title":{"rendered":"RAGUSA. \u201cDIALOGO TRA LE CULTURE\u201d: \u201cALTERIT\u00c0, RESPONSABILIT\u00c0, SOLIDARIET\u00c0\u201d"},"content":{"rendered":"<p class=\"MsoNormal\" style=\"text-align:justify\"><span style=\"font-size: medium;\"><span style=\"font-family: 'Times New Roman';\">Venerd\u00ec 11 ottobre, alle ore 15.30, presso il Fondo Antico della Biblioteca del Seminario, a Ragusa, la Cattedra di \u201cDialogo tra le culture\u201d di Ragusa, giunta al suo sesto anno di attivit\u00e0 scientifica, inaugurer\u00e0 il nuovo anno accademico con la lezione tenuta dal prof. Domenico Paoletti, Preside della Pontificia Facolt\u00e0 Teologica \u201cSan Bonaventura\u201d di Roma, e con il laboratorio didattico tenuto da don Paolo La Terra, cancelliere della Diocesi di Ragusa e responsabile della formazione degli insegnanti di religione cattolica. Il tema generale dell\u2019intero corso \u00e8 \u201c<span style=\"color: windowtext;\">Alterit\u00e0, Responsabilit\u00e0, Solidariet\u00e0. Itinerari educativi tra scienze, culture e sapienza<\/span>\u201d.<\/span><\/span><span style=\"font-size:12.0pt\"><o:p><\/o:p><\/span><\/p>\n<p class=\"MsoNormal\" style=\"text-align:justify\"><span style=\"font-size: medium;\"><span style=\"font-family: 'Times New Roman';\">Il contenuto della prima lezione verter\u00e0 sulla questione dell\u2019interculturalit\u00e0 nell\u2019attuale contesto politico e religioso. Pi\u00f9 precisamente, si chiarir\u00e0 il ruolo giocato da quello che tanti antropologi definiscono come homo religiosus, ovvero quella dimensione umana irriducibile alle diverse ideologie che tentano schiacciare l\u2019umano alla mera componente materiale, pragmatica o falsamente spirituale. Definendo le coordinate generali di tale dimensione antropologica imprescindibile, aperta alla trascendenza e ad un vero incontro con l\u2019altro, si tenter\u00e0 di dedurre l\u2019esistenza di tratti comuni tra le culture, nella ricerca o scoperta di una universalit\u00e0 dei valori, che trovino nell\u2019homo religiosus la base per un autentico dialogo tra le differenti culture. La lezione, che lambir\u00e0 gli ambiti filosofici e teologici della questione, sar\u00e0 seguita dal laboratorio didattico, il quale tenter\u00e0 di tradurre in strumenti utili agli educatori i principi enunciati.<\/span><\/span><span style=\"font-size:12.0pt\"><o:p><\/o:p><\/span><\/p>\n<p class=\"MsoNormal\" style=\"text-align:justify\"><span style=\"font-size: medium;\"><span style=\"font-family: 'Times New Roman';\">Il corso di questo anno vede al suo interno una sezione dedicata all\u2019aggiornamento dei professionisti dell\u2019Ordine Forense della Provincia di Ragusa dal titolo \u201cIl diritto e il fattore culturale: problematiche e risvolti\u201d.<\/span><\/span><span style=\"font-size:12.0pt\"><o:p><\/o:p><\/span><\/p>\n<p class=\"MsoNormal\" style=\"text-align:justify\"><span style=\"font-size: medium;\"><span style=\"font-family: 'Times New Roman';\">La Cattedra \u00e8 istituita dalla Pontificia Facolt\u00e0 \u201cSan Bonaventura\u201d di Roma, dalla Diocesi di Ragusa e dalla Provincia di Sicilia dei Frati minori conventuali, in collaborazione con l\u2019Universit\u00e0 di Catania, l\u2019Universit\u00e0 \u201cLa Manouba\u201d di Tunisi, la Prefettura di Ragusa, l\u2019Ordine Forense della Provincia di Ragusa e il Centro studi \u201cCalicantus\u201d. Tra le pubblicazioni scientifiche, ha all\u2019attivo i due volumi \u201cDialogo tra le culture. Ebraismo, Cristianesimo, Islam\u201d e \u201cLa relazione educativa nella post-modernit\u00e0. Itinerari tra scienze, culture e sapienza\u201d, entrambi a cura del direttore della Cattedra, il prof. Biagio Aprile, ed editi dalle Edizioni Messaggero. [01]<\/span><\/span><span style=\"font-size:12.0pt\"><o:p><\/o:p><\/span><\/p>\n","protected":false},"excerpt":{"rendered":"","protected":false},"author":1,"featured_media":0,"comment_status":"open","ping_status":"open","sticky":false,"template":"","format":"standard","meta":[],"categories":[30],"tags":[],"news-destination":[],"news-source":[],"is_homepage":[],"ta_other":[],"_links":{"self":[{"href":"https:\/\/www.chiesedisicilia.org\/chiesedisicilia\/news\/wp-json\/wp\/v2\/posts\/4204"}],"collection":[{"href":"https:\/\/www.chiesedisicilia.org\/chiesedisicilia\/news\/wp-json\/wp\/v2\/posts"}],"about":[{"href":"https:\/\/www.chiesedisicilia.org\/chiesedisicilia\/news\/wp-json\/wp\/v2\/types\/post"}],"author":[{"embeddable":true,"href":"https:\/\/www.chiesedisicilia.org\/chiesedisicilia\/news\/wp-json\/wp\/v2\/users\/1"}],"replies":[{"embeddable":true,"href":"https:\/\/www.chiesedisicilia.org\/chiesedisicilia\/news\/wp-json\/wp\/v2\/comments?post=4204"}],"version-history":[{"count":1,"href":"https:\/\/www.chiesedisicilia.org\/chiesedisicilia\/news\/wp-json\/wp\/v2\/posts\/4204\/revisions"}],"predecessor-version":[{"id":22668,"href":"https:\/\/www.chiesedisicilia.org\/chiesedisicilia\/news\/wp-json\/wp\/v2\/posts\/4204\/revisions\/22668"}],"wp:attachment":[{"href":"https:\/\/www.chiesedisicilia.org\/chiesedisicilia\/news\/wp-json\/wp\/v2\/media?parent=4204"}],"wp:term":[{"taxonomy":"category","embeddable":true,"href":"https:\/\/www.chiesedisicilia.org\/chiesedisicilia\/news\/wp-json\/wp\/v2\/categories?post=4204"},{"taxonomy":"post_tag","embeddable":true,"href":"https:\/\/www.chiesedisicilia.org\/chiesedisicilia\/news\/wp-json\/wp\/v2\/tags?post=4204"},{"taxonomy":"news-destination","embeddable":true,"href":"https:\/\/www.chiesedisicilia.org\/chiesedisicilia\/news\/wp-json\/wp\/v2\/news-destination?post=4204"},{"taxonomy":"news-source","embeddable":true,"href":"https:\/\/www.chiesedisicilia.org\/chiesedisicilia\/news\/wp-json\/wp\/v2\/news-source?post=4204"},{"taxonomy":"is_homepage","embeddable":true,"href":"https:\/\/www.chiesedisicilia.org\/chiesedisicilia\/news\/wp-json\/wp\/v2\/is_homepage?post=4204"},{"taxonomy":"ta_other","embeddable":true,"href":"https:\/\/www.chiesedisicilia.org\/chiesedisicilia\/news\/wp-json\/wp\/v2\/ta_other?post=4204"}],"curies":[{"name":"wp","href":"https:\/\/api.w.org\/{rel}","templated":true}]}}