{"id":4203,"date":"2013-10-11T09:59:00","date_gmt":"2013-10-11T07:59:00","guid":{"rendered":"http:\/\/wptestsite.tecnavia.com\/chiesedisicilia_clientsite\/news\/2013\/10\/11\/ragusa-servizio-civile-arrivano-tre-progetti\/"},"modified":"2018-11-12T07:58:39","modified_gmt":"2018-01-16T07:58:39","slug":"ragusa-servizio-civile-arrivano-tre-progetti","status":"publish","type":"post","link":"https:\/\/www.chiesedisicilia.org\/2013\/10\/11\/ragusa-servizio-civile-arrivano-tre-progetti\/","title":{"rendered":"RAGUSA. SERVIZIO CIVILE: ARRIVANO TRE PROGETTI"},"content":{"rendered":"<p class=\"MsoNormal\"><span style=\"font-size: medium;\"><span style=\"font-family: 'Times New Roman';\"><span class=\"MsoSubtleEmphasis\"><span style=\"color: windowtext;\">Sono stati pubblicati i Bandi 2013 del Dipartimento della giovent\u00f9 e del Servizio civile nazionale, delle Regioni e Province autonome, per la selezione di 15.466 volontari da impiegare in progetti di Servizio civile in Italia e all\u2018estero. La scadenza per la presentazione delle domande \u00e8 fissata per le ore 14 del 4 novembre 2013 (non fa fede il timbro postale).<\/span><\/span><\/span><\/span><\/p>\n<p class=\"MsoNormal\"><span style=\"font-size: medium;\"><span style=\"font-family: 'Times New Roman';\"><span class=\"MsoSubtleEmphasis\"><span style=\"color: windowtext;\">Per la diocesi di Ragusa, sono presenti 3 progetti, sui Comuni di Ragusa, Vittoria, Comiso, Santa Croce Camerina e Monterosso Almo: \u201cuno &#8211; spiega un comunicato della Diocesi &#8211; di titolarit\u00e0 della Fondazione San Giovanni Battista, dal titolo \u201cPasso passo\u201d, rivolto ai minori, per un totale di 22 posti\u201d e due \u201cdi titolarit\u00e0 della Caritas diocesana, per un totale di 31 posti disponibili, nei settori dell\u2019educazione ai minori (\u201cArgento vivo_Ragusa\u201d) e della disabilit\u00e0 (\u201cL\u2019essenziale \u00e8 invisibile agli occhi_Ragusa\u201d). \u00c8 attivo l\u2019info-point di via Ecce Homo 259, Ragusa, tel. 0932\/246788 (luned\u00ec ore 15- 17; mercoled\u00ec, gioved\u00ec e venerd\u00ec, ore 9 &#8211; 12). La Diocesi, inoltre, organizza un incontro informativo e orientativo per tutti i giovani interessati, che si terr\u00e0 nel saloncino del Vescovado il 14 ottobre, dalle ore 16 alle ore 18, e il 24 ottobre, dalle ore 10 alle ore 12. Info anche su <\/span><\/span><\/span><\/span><span style=\"font-size: medium;\"><span style=\"color: windowtext;\"><a href=\"http:\/\/www.caritas.diocesidiragusa.it\/\"><span style=\"font-family: 'Times New Roman';\"><span style=\"color: windowtext;\">www.caritas.diocesidiragusa.it<\/span><\/span><\/a><\/span><span style=\"font-family: 'Times New Roman';\"><span class=\"MsoSubtleEmphasis\"><span style=\"color: windowtext;\">. [01]<\/span><\/span><\/span><\/span><span class=\"MsoSubtleEmphasis\"><span style=\"font-size: 12pt; color: windowtext;\"><o:p><\/o:p><\/span><\/span><\/p>\n","protected":false},"excerpt":{"rendered":"","protected":false},"author":1,"featured_media":0,"comment_status":"open","ping_status":"open","sticky":false,"template":"","format":"standard","meta":[],"categories":[30],"tags":[],"news-destination":[],"news-source":[],"is_homepage":[],"ta_other":[],"_links":{"self":[{"href":"https:\/\/www.chiesedisicilia.org\/chiesedisicilia\/news\/wp-json\/wp\/v2\/posts\/4203"}],"collection":[{"href":"https:\/\/www.chiesedisicilia.org\/chiesedisicilia\/news\/wp-json\/wp\/v2\/posts"}],"about":[{"href":"https:\/\/www.chiesedisicilia.org\/chiesedisicilia\/news\/wp-json\/wp\/v2\/types\/post"}],"author":[{"embeddable":true,"href":"https:\/\/www.chiesedisicilia.org\/chiesedisicilia\/news\/wp-json\/wp\/v2\/users\/1"}],"replies":[{"embeddable":true,"href":"https:\/\/www.chiesedisicilia.org\/chiesedisicilia\/news\/wp-json\/wp\/v2\/comments?post=4203"}],"version-history":[{"count":1,"href":"https:\/\/www.chiesedisicilia.org\/chiesedisicilia\/news\/wp-json\/wp\/v2\/posts\/4203\/revisions"}],"predecessor-version":[{"id":22671,"href":"https:\/\/www.chiesedisicilia.org\/chiesedisicilia\/news\/wp-json\/wp\/v2\/posts\/4203\/revisions\/22671"}],"wp:attachment":[{"href":"https:\/\/www.chiesedisicilia.org\/chiesedisicilia\/news\/wp-json\/wp\/v2\/media?parent=4203"}],"wp:term":[{"taxonomy":"category","embeddable":true,"href":"https:\/\/www.chiesedisicilia.org\/chiesedisicilia\/news\/wp-json\/wp\/v2\/categories?post=4203"},{"taxonomy":"post_tag","embeddable":true,"href":"https:\/\/www.chiesedisicilia.org\/chiesedisicilia\/news\/wp-json\/wp\/v2\/tags?post=4203"},{"taxonomy":"news-destination","embeddable":true,"href":"https:\/\/www.chiesedisicilia.org\/chiesedisicilia\/news\/wp-json\/wp\/v2\/news-destination?post=4203"},{"taxonomy":"news-source","embeddable":true,"href":"https:\/\/www.chiesedisicilia.org\/chiesedisicilia\/news\/wp-json\/wp\/v2\/news-source?post=4203"},{"taxonomy":"is_homepage","embeddable":true,"href":"https:\/\/www.chiesedisicilia.org\/chiesedisicilia\/news\/wp-json\/wp\/v2\/is_homepage?post=4203"},{"taxonomy":"ta_other","embeddable":true,"href":"https:\/\/www.chiesedisicilia.org\/chiesedisicilia\/news\/wp-json\/wp\/v2\/ta_other?post=4203"}],"curies":[{"name":"wp","href":"https:\/\/api.w.org\/{rel}","templated":true}]}}