{"id":4199,"date":"2013-07-16T11:49:00","date_gmt":"2013-07-16T09:49:00","guid":{"rendered":"http:\/\/wptestsite.tecnavia.com\/chiesedisicilia_clientsite\/news\/2013\/07\/16\/ragusa-giovani-e-famiglie-in-festa-a-scoglitti-e-marina-di-ragusa\/"},"modified":"2018-11-12T07:58:39","modified_gmt":"2018-01-16T07:58:39","slug":"ragusa-giovani-e-famiglie-in-festa-a-scoglitti-e-marina-di-ragusa","status":"publish","type":"post","link":"https:\/\/www.chiesedisicilia.org\/2013\/07\/16\/ragusa-giovani-e-famiglie-in-festa-a-scoglitti-e-marina-di-ragusa\/","title":{"rendered":"RAGUSA. \u201cGIOVANI E FAMIGLIE IN FESTA\u201d A SCOGLITTI E MARINA DI RAGUSA"},"content":{"rendered":"<p class=\"MsoNormal\"><span style=\"font-family: 'Times New Roman';\"><span style=\"font-size: 12pt;\">Si intitola \u201cGiovani e Famiglie in festa\u201d\u00a0 ed \u00e8 un appuntamento che si svolger\u00e0 da mercoled\u00ec 7 a sabato 10 agosto, in concomitanza con i festeggiamenti in onore della Madonna di Portosalvo, sia a Marina di Ragusa che a Scoglitti. Il tema dell\u2019appuntamento promosso dagli Uffici diocesani per la Pastorale familiare e Giovanile, sar\u00e0: \u2018\u2018Ma quando l\u2019amore \u00e8 vero?\u2019\u2019 e prevede: <\/span><strong><span style=\"font-size: 12pt; font-weight: normal;\">mercoled\u00ec 7 agosto<\/span><\/strong><span style=\"font-size: 12pt;\">, a Scoglitti, presso la Tenda azzurra, alle ore 20.30, la proiezione del film \u201cGiorni e nuvole\u201d di Silvio Soldini; <strong><span style=\"font-weight: normal;\">gioved\u00ec 8 agosto<\/span><\/strong>, a Marina di Ragusa, cortile delle Suore, alle ore 20.30, la proiezione del film \u201cScialla!\u201d di Francesco Bruni, con la consulenza dell&#8217;Ufficio diocesano della Cultura; <strong><span style=\"font-weight: normal;\">venerd\u00ec 9 agosto, a<\/span><\/strong><span class=\"apple-converted-space\">\u00a0<\/span>Marina di Ragusa, in piazza Torre, ore 20, la Celebrazione Eucaristica presieduta dal Vescovo mons. Paolo Urso; <strong><span style=\"font-weight: normal;\">sabato 10 agosto, a<\/span><\/strong><span class=\"apple-converted-space\">\u00a0<\/span>Scoglitti, sul sagrato della Chiesa Maria SS. Di Portosalvo, ore 20, la Celebrazione Eucaristica presieduta da mons. Paolo Urso. [01]<\/span><\/span><span style=\"font-size:12.0pt;font-family:\"Times New Roman\",\"serif\"\"><o:p><\/o:p><\/span><\/p>\n","protected":false},"excerpt":{"rendered":"","protected":false},"author":1,"featured_media":0,"comment_status":"open","ping_status":"open","sticky":false,"template":"","format":"standard","meta":[],"categories":[30],"tags":[],"news-destination":[],"news-source":[],"is_homepage":[],"ta_other":[],"_links":{"self":[{"href":"https:\/\/www.chiesedisicilia.org\/chiesedisicilia\/news\/wp-json\/wp\/v2\/posts\/4199"}],"collection":[{"href":"https:\/\/www.chiesedisicilia.org\/chiesedisicilia\/news\/wp-json\/wp\/v2\/posts"}],"about":[{"href":"https:\/\/www.chiesedisicilia.org\/chiesedisicilia\/news\/wp-json\/wp\/v2\/types\/post"}],"author":[{"embeddable":true,"href":"https:\/\/www.chiesedisicilia.org\/chiesedisicilia\/news\/wp-json\/wp\/v2\/users\/1"}],"replies":[{"embeddable":true,"href":"https:\/\/www.chiesedisicilia.org\/chiesedisicilia\/news\/wp-json\/wp\/v2\/comments?post=4199"}],"version-history":[{"count":1,"href":"https:\/\/www.chiesedisicilia.org\/chiesedisicilia\/news\/wp-json\/wp\/v2\/posts\/4199\/revisions"}],"predecessor-version":[{"id":22667,"href":"https:\/\/www.chiesedisicilia.org\/chiesedisicilia\/news\/wp-json\/wp\/v2\/posts\/4199\/revisions\/22667"}],"wp:attachment":[{"href":"https:\/\/www.chiesedisicilia.org\/chiesedisicilia\/news\/wp-json\/wp\/v2\/media?parent=4199"}],"wp:term":[{"taxonomy":"category","embeddable":true,"href":"https:\/\/www.chiesedisicilia.org\/chiesedisicilia\/news\/wp-json\/wp\/v2\/categories?post=4199"},{"taxonomy":"post_tag","embeddable":true,"href":"https:\/\/www.chiesedisicilia.org\/chiesedisicilia\/news\/wp-json\/wp\/v2\/tags?post=4199"},{"taxonomy":"news-destination","embeddable":true,"href":"https:\/\/www.chiesedisicilia.org\/chiesedisicilia\/news\/wp-json\/wp\/v2\/news-destination?post=4199"},{"taxonomy":"news-source","embeddable":true,"href":"https:\/\/www.chiesedisicilia.org\/chiesedisicilia\/news\/wp-json\/wp\/v2\/news-source?post=4199"},{"taxonomy":"is_homepage","embeddable":true,"href":"https:\/\/www.chiesedisicilia.org\/chiesedisicilia\/news\/wp-json\/wp\/v2\/is_homepage?post=4199"},{"taxonomy":"ta_other","embeddable":true,"href":"https:\/\/www.chiesedisicilia.org\/chiesedisicilia\/news\/wp-json\/wp\/v2\/ta_other?post=4199"}],"curies":[{"name":"wp","href":"https:\/\/api.w.org\/{rel}","templated":true}]}}