{"id":4196,"date":"2013-05-17T13:31:00","date_gmt":"2013-05-17T11:31:00","guid":{"rendered":"http:\/\/wptestsite.tecnavia.com\/chiesedisicilia_clientsite\/news\/2013\/05\/17\/ragusa-aggregazioni-laicali-in-dialogo-con-la-citta\/"},"modified":"2018-11-12T07:58:39","modified_gmt":"2018-01-16T07:58:39","slug":"ragusa-aggregazioni-laicali-in-dialogo-con-la-citta","status":"publish","type":"post","link":"https:\/\/www.chiesedisicilia.org\/2013\/05\/17\/ragusa-aggregazioni-laicali-in-dialogo-con-la-citta\/","title":{"rendered":"RAGUSA. AGGREGAZIONI LAICALI: \u201cIN DIALOGO CON LA CITTA\u2019\u201d"},"content":{"rendered":"<p class=\"MsoNormal\"><span style=\"font-family: 'Times New Roman';\"><span style=\"font-size: 12pt;\" times=\"\" new=\"\">Le associazioni ed i movimenti ecclesiali diocesani invitano la citt\u00e0 ad un momento di dialogo e di confronto con i candidati a sindaco alle prossime elezioni amministrative. L\u2019appuntamento, che ha per titolo \u201cIn dialogo con la citt\u00e0\u201d, si svolger\u00e0 in diversi appuntamenti, il primo dei quali oggi, gioved\u00ec 16 maggio, alle ore 19, a Comiso, presso il Centro servizi culturali. <\/span><\/span><span style=\"font-size:12.0pt;font-family:\" times=\"\" new=\"\"><o:p><\/o:p><\/span><\/p>\n<p class=\"MsoNormal\"><span style=\"font-family: 'Times New Roman';\"><span style=\"font-size: 12pt;\" times=\"\" new=\"\">Si tratta di un incontro fra cittadini e tutti e sei i candidati sindaci alle prossime elezioni amministrative di Comiso il 9 e 10 giugno. L\u2019incontro \u00e8 promosso dalla Consulta diocesana delle Aggregazioni laicali con l\u2019incoraggiamento del Vescovo mons. Paolo Urso, e vuole offrire a tutti la possibilit\u00e0 di fare un\u2019esperienza viva di cittadinanza responsabile. \u201cQuesto incontro \u00e8 nato dal desiderio di alcuni di noi, membri di alcuni movimenti, associazioni e comunit\u00e0 ecclesiali, di promuovere un momento di politica alto, che partisse dai valori e dalla consapevolezza che l\u2019impegno politico, il ruolo di cittadino consapevole, capace di interagire in maniera corretta e costruttiva con i propri rappresentanti eletti, \u00e8 una delle vocazioni specifiche del cristiano. Noi cristiani \u2013 si legge nella presentazione degli organizzatori &#8211; siamo prima di tutto cittadini, e chiamati ad esserlo, proprio perch\u00e9 cristiani, nel modo pi\u00f9 alto, pi\u00f9 vero, pi\u00f9 consapevole, per costruire, insieme agli eletti nei vari organismi, nel nostro caso sindaci e consiglieri comunali, il \u201cbene comune\u201d, cio\u00e8 il bene delle persone nella nostra citt\u00e0.Fuori da ogni collateralismo, fuori da ogni contrapposizione, vogliamo incontrare i nostri candidati sindaco per avviare un dialogo rispettoso e sincero tra i cittadini elettori e quanti si propongono a servizio di tutta la collettivit\u00e0\u201d.<\/span><\/span><span style=\"font-size:12.0pt;font-family:\" times=\"\" new=\"\"><o:p><\/o:p><\/span><\/p>\n<p class=\"MsoNormal\"><span style=\"font-family: 'Times New Roman';\"><span style=\"font-size: 12pt;\" times=\"\" new=\"\">\u201cIn dialogo con la citt\u00e0\u201d si presenta, dunque, come \u201cprima tappa di una percorso nuovo di cittadinanza attiva e responsabile\u201d auspicata vivamente anche dal Vescovo Urso \u201csulla scia degli ultimi piani pastorali nei quali ha invitato ad educarci alla carit\u00e0, alla libert\u00e0 e alla verit\u00e0\u201d. A tutti, cittadini e membri delle comunit\u00e0 parrocchiali e delle varie associazioni e movimenti laicali della citt\u00e0, \u00e8 proposta \u201cun\u2019occasione per crescere come cittadini responsabili, che amano la propria citt\u00e0 e che vogliono farlo con tutti i rappresentanti eletti, sia quelli che sceglieremo di votare, sia quelli che sceglieremo di non votare, sia con coloro che governeranno la citt\u00e0, sia con coloro che rappresenteranno l\u2019opposizione. Sar\u00e0, anche questo, un esercizio vero di democrazia\u201d.<\/span><\/span><span style=\"font-size:12.0pt;font-family:\" times=\"\" new=\"\"><o:p><\/o:p><\/span><\/p>\n<p class=\"MsoNormal\"><span style=\"font-family: 'Times New Roman';\"><span style=\"font-size: 12pt;\" times=\"\" new=\"\">Lo stesso modello dell\u2019incontro odierno a Comiso, si terr\u00e0 domani, venerd\u00ec 17 maggio, alle 20, ad Acate, al Castello dei Principi di Biscari, e il prossimo 28 maggio, marted\u00ec, alle ore 17:30, \u201cIn dialogo con la citt\u00e0\u201d sar\u00e0 a Ragusa, al Centro Servizi Culturali. [01]<\/span><\/span><span style=\"font-size:12.0pt;font-family:\" times=\"\" new=\"\"><o:p><\/o:p><\/span><\/p>\n","protected":false},"excerpt":{"rendered":"","protected":false},"author":1,"featured_media":0,"comment_status":"open","ping_status":"open","sticky":false,"template":"","format":"standard","meta":[],"categories":[30],"tags":[],"news-destination":[],"news-source":[],"is_homepage":[],"ta_other":[],"_links":{"self":[{"href":"https:\/\/www.chiesedisicilia.org\/chiesedisicilia\/news\/wp-json\/wp\/v2\/posts\/4196"}],"collection":[{"href":"https:\/\/www.chiesedisicilia.org\/chiesedisicilia\/news\/wp-json\/wp\/v2\/posts"}],"about":[{"href":"https:\/\/www.chiesedisicilia.org\/chiesedisicilia\/news\/wp-json\/wp\/v2\/types\/post"}],"author":[{"embeddable":true,"href":"https:\/\/www.chiesedisicilia.org\/chiesedisicilia\/news\/wp-json\/wp\/v2\/users\/1"}],"replies":[{"embeddable":true,"href":"https:\/\/www.chiesedisicilia.org\/chiesedisicilia\/news\/wp-json\/wp\/v2\/comments?post=4196"}],"version-history":[{"count":1,"href":"https:\/\/www.chiesedisicilia.org\/chiesedisicilia\/news\/wp-json\/wp\/v2\/posts\/4196\/revisions"}],"predecessor-version":[{"id":22660,"href":"https:\/\/www.chiesedisicilia.org\/chiesedisicilia\/news\/wp-json\/wp\/v2\/posts\/4196\/revisions\/22660"}],"wp:attachment":[{"href":"https:\/\/www.chiesedisicilia.org\/chiesedisicilia\/news\/wp-json\/wp\/v2\/media?parent=4196"}],"wp:term":[{"taxonomy":"category","embeddable":true,"href":"https:\/\/www.chiesedisicilia.org\/chiesedisicilia\/news\/wp-json\/wp\/v2\/categories?post=4196"},{"taxonomy":"post_tag","embeddable":true,"href":"https:\/\/www.chiesedisicilia.org\/chiesedisicilia\/news\/wp-json\/wp\/v2\/tags?post=4196"},{"taxonomy":"news-destination","embeddable":true,"href":"https:\/\/www.chiesedisicilia.org\/chiesedisicilia\/news\/wp-json\/wp\/v2\/news-destination?post=4196"},{"taxonomy":"news-source","embeddable":true,"href":"https:\/\/www.chiesedisicilia.org\/chiesedisicilia\/news\/wp-json\/wp\/v2\/news-source?post=4196"},{"taxonomy":"is_homepage","embeddable":true,"href":"https:\/\/www.chiesedisicilia.org\/chiesedisicilia\/news\/wp-json\/wp\/v2\/is_homepage?post=4196"},{"taxonomy":"ta_other","embeddable":true,"href":"https:\/\/www.chiesedisicilia.org\/chiesedisicilia\/news\/wp-json\/wp\/v2\/ta_other?post=4196"}],"curies":[{"name":"wp","href":"https:\/\/api.w.org\/{rel}","templated":true}]}}