{"id":4195,"date":"2013-05-02T12:08:00","date_gmt":"2013-05-02T10:08:00","guid":{"rendered":"http:\/\/wptestsite.tecnavia.com\/chiesedisicilia_clientsite\/news\/2013\/05\/02\/ragusa-salute-la-madonna-di-fatima-allospedale-civico\/"},"modified":"2018-11-12T07:58:39","modified_gmt":"2018-01-16T07:58:39","slug":"ragusa-salute-la-madonna-di-fatima-allospedale-civico","status":"publish","type":"post","link":"https:\/\/www.chiesedisicilia.org\/2013\/05\/02\/ragusa-salute-la-madonna-di-fatima-allospedale-civico\/","title":{"rendered":"RAGUSA. SALUTE: LA MADONNA DI FATIMA ALL\u2019OSPEDALE CIVICO"},"content":{"rendered":"<p class=\"MsoNormal\"><span style=\"font-family: 'Times New Roman';\"><span style=\"font-size: 12pt;\" times=\"\" new=\"\">Da oggi, mercoled\u00ec 1 a luned\u00ec 13 maggio, in concomitanza con l\u2019Anno della Fede, la Statua della Madonna Pellegrina visiter\u00e0 l\u2019Ospedale Civile di Ragusa. Il Pellegrinaggio, giunto alla sua quinta edizione, \u00e8 organizzato da Don Giorgio Occhipinti, direttore dell\u2019Ufficio per la Pastorale della Salute. L&#8217;avanto sar\u00e0 accompagnato da diverse iniziative di spiritualit\u00e0 e di solidariet\u00e0 a favore degli ammalati e di coloro che si dedicano al loro servizio. Durante il Pellegrinaggio della Madonna saranno inserite anche iniziative proprie dell\u2019Ufficio riguardanti temi inerenti alla prevenzione della salute e sul come prendersi cura delle varie forme di fragilit\u00e0.\u00a0 L\u2019Iniziativa vede la collaborazione dei fedeli associati all\u2019Apostolato Mondiale di Fatima, dei volontari dell\u2019AVO e dell\u2019Associazione nazionale Carabinieri. [01]<\/span><\/span><span style=\"font-size:12.0pt;font-family:\" times=\"\" new=\"\"><o:p><\/o:p><\/span><\/p>\n","protected":false},"excerpt":{"rendered":"","protected":false},"author":1,"featured_media":0,"comment_status":"open","ping_status":"open","sticky":false,"template":"","format":"standard","meta":[],"categories":[30],"tags":[],"news-destination":[],"news-source":[],"is_homepage":[],"ta_other":[],"_links":{"self":[{"href":"https:\/\/www.chiesedisicilia.org\/chiesedisicilia\/news\/wp-json\/wp\/v2\/posts\/4195"}],"collection":[{"href":"https:\/\/www.chiesedisicilia.org\/chiesedisicilia\/news\/wp-json\/wp\/v2\/posts"}],"about":[{"href":"https:\/\/www.chiesedisicilia.org\/chiesedisicilia\/news\/wp-json\/wp\/v2\/types\/post"}],"author":[{"embeddable":true,"href":"https:\/\/www.chiesedisicilia.org\/chiesedisicilia\/news\/wp-json\/wp\/v2\/users\/1"}],"replies":[{"embeddable":true,"href":"https:\/\/www.chiesedisicilia.org\/chiesedisicilia\/news\/wp-json\/wp\/v2\/comments?post=4195"}],"version-history":[{"count":1,"href":"https:\/\/www.chiesedisicilia.org\/chiesedisicilia\/news\/wp-json\/wp\/v2\/posts\/4195\/revisions"}],"predecessor-version":[{"id":22659,"href":"https:\/\/www.chiesedisicilia.org\/chiesedisicilia\/news\/wp-json\/wp\/v2\/posts\/4195\/revisions\/22659"}],"wp:attachment":[{"href":"https:\/\/www.chiesedisicilia.org\/chiesedisicilia\/news\/wp-json\/wp\/v2\/media?parent=4195"}],"wp:term":[{"taxonomy":"category","embeddable":true,"href":"https:\/\/www.chiesedisicilia.org\/chiesedisicilia\/news\/wp-json\/wp\/v2\/categories?post=4195"},{"taxonomy":"post_tag","embeddable":true,"href":"https:\/\/www.chiesedisicilia.org\/chiesedisicilia\/news\/wp-json\/wp\/v2\/tags?post=4195"},{"taxonomy":"news-destination","embeddable":true,"href":"https:\/\/www.chiesedisicilia.org\/chiesedisicilia\/news\/wp-json\/wp\/v2\/news-destination?post=4195"},{"taxonomy":"news-source","embeddable":true,"href":"https:\/\/www.chiesedisicilia.org\/chiesedisicilia\/news\/wp-json\/wp\/v2\/news-source?post=4195"},{"taxonomy":"is_homepage","embeddable":true,"href":"https:\/\/www.chiesedisicilia.org\/chiesedisicilia\/news\/wp-json\/wp\/v2\/is_homepage?post=4195"},{"taxonomy":"ta_other","embeddable":true,"href":"https:\/\/www.chiesedisicilia.org\/chiesedisicilia\/news\/wp-json\/wp\/v2\/ta_other?post=4195"}],"curies":[{"name":"wp","href":"https:\/\/api.w.org\/{rel}","templated":true}]}}