{"id":4184,"date":"2013-01-18T18:30:00","date_gmt":"2013-01-18T17:30:00","guid":{"rendered":"http:\/\/wptestsite.tecnavia.com\/chiesedisicilia_clientsite\/news\/2013\/01\/18\/ragusa-giovani-educhiamoci-alla-verita\/"},"modified":"2018-11-12T07:58:39","modified_gmt":"2018-01-16T07:58:39","slug":"ragusa-giovani-educhiamoci-alla-verita","status":"publish","type":"post","link":"https:\/\/www.chiesedisicilia.org\/2013\/01\/18\/ragusa-giovani-educhiamoci-alla-verita\/","title":{"rendered":"RAGUSA. GIOVANI: \u201cEDUCHIAMOCI ALLA VERITA\u2019\u201d"},"content":{"rendered":"<div>\n<p class=\"MsoNormal\" style=\"margin: 0cm 0cm 0pt\"><span style=\"font-family: 'Times New Roman','serif'; font-size: 12pt; mso-fareast-font-family: 'Times New Roman'\">L\u2019Unit\u00e0 di Pastorale giovanile di Ragusa organizza due momenti di Lectio Divina sul tema proposto alla Diocesi per l\u2019anno pastorale in corso, &#8220;Educhiamoci alla Verit\u00e0&#8221;. Il primo momento si terr\u00e0 oggi, gioved\u00ec 24 gennaio, alle ore 20.30 presso i Giusiti. A guidare la riflessione sar\u00e0 padre Cesare Geroldi, che insister\u00e0 sul tema &#8220;La ricerca della Verit\u00e0&#8221;.<o:p><\/o:p><\/span><\/p>\n<p class=\"MsoNormal\" style=\"margin: 0cm 0cm 0pt\"><span style=\"font-family: 'Times New Roman','serif'; font-size: 12pt; mso-fareast-font-family: 'Times New Roman'\">Il secondo e ultimo momento si terr\u00e0 giorno 22 febbraio, sempre alle ore 20.30 presso la Fraternit\u00e0 di Nazareth. Sar\u00e0 tenuto da padre Nello Dell&#8217;Agli e avr\u00e0 come titolo &#8220;Ges\u00f9 \u00e8 la Verit\u00e0&#8221;.[01]<o:p><\/o:p><\/span><\/p>\n<\/div>\n","protected":false},"excerpt":{"rendered":"","protected":false},"author":1,"featured_media":0,"comment_status":"open","ping_status":"open","sticky":false,"template":"","format":"standard","meta":[],"categories":[30],"tags":[],"news-destination":[],"news-source":[],"is_homepage":[],"ta_other":[],"_links":{"self":[{"href":"https:\/\/www.chiesedisicilia.org\/chiesedisicilia\/news\/wp-json\/wp\/v2\/posts\/4184"}],"collection":[{"href":"https:\/\/www.chiesedisicilia.org\/chiesedisicilia\/news\/wp-json\/wp\/v2\/posts"}],"about":[{"href":"https:\/\/www.chiesedisicilia.org\/chiesedisicilia\/news\/wp-json\/wp\/v2\/types\/post"}],"author":[{"embeddable":true,"href":"https:\/\/www.chiesedisicilia.org\/chiesedisicilia\/news\/wp-json\/wp\/v2\/users\/1"}],"replies":[{"embeddable":true,"href":"https:\/\/www.chiesedisicilia.org\/chiesedisicilia\/news\/wp-json\/wp\/v2\/comments?post=4184"}],"version-history":[{"count":1,"href":"https:\/\/www.chiesedisicilia.org\/chiesedisicilia\/news\/wp-json\/wp\/v2\/posts\/4184\/revisions"}],"predecessor-version":[{"id":22652,"href":"https:\/\/www.chiesedisicilia.org\/chiesedisicilia\/news\/wp-json\/wp\/v2\/posts\/4184\/revisions\/22652"}],"wp:attachment":[{"href":"https:\/\/www.chiesedisicilia.org\/chiesedisicilia\/news\/wp-json\/wp\/v2\/media?parent=4184"}],"wp:term":[{"taxonomy":"category","embeddable":true,"href":"https:\/\/www.chiesedisicilia.org\/chiesedisicilia\/news\/wp-json\/wp\/v2\/categories?post=4184"},{"taxonomy":"post_tag","embeddable":true,"href":"https:\/\/www.chiesedisicilia.org\/chiesedisicilia\/news\/wp-json\/wp\/v2\/tags?post=4184"},{"taxonomy":"news-destination","embeddable":true,"href":"https:\/\/www.chiesedisicilia.org\/chiesedisicilia\/news\/wp-json\/wp\/v2\/news-destination?post=4184"},{"taxonomy":"news-source","embeddable":true,"href":"https:\/\/www.chiesedisicilia.org\/chiesedisicilia\/news\/wp-json\/wp\/v2\/news-source?post=4184"},{"taxonomy":"is_homepage","embeddable":true,"href":"https:\/\/www.chiesedisicilia.org\/chiesedisicilia\/news\/wp-json\/wp\/v2\/is_homepage?post=4184"},{"taxonomy":"ta_other","embeddable":true,"href":"https:\/\/www.chiesedisicilia.org\/chiesedisicilia\/news\/wp-json\/wp\/v2\/ta_other?post=4184"}],"curies":[{"name":"wp","href":"https:\/\/api.w.org\/{rel}","templated":true}]}}