{"id":4183,"date":"2013-01-18T18:24:00","date_gmt":"2013-01-18T17:24:00","guid":{"rendered":"http:\/\/wptestsite.tecnavia.com\/chiesedisicilia_clientsite\/news\/2013\/01\/18\/ragusa-universalita-del-diritto-e-particolarita-delle-culture\/"},"modified":"2018-11-12T07:58:39","modified_gmt":"2018-01-16T07:58:39","slug":"ragusa-universalita-del-diritto-e-particolarita-delle-culture","status":"publish","type":"post","link":"https:\/\/www.chiesedisicilia.org\/2013\/01\/18\/ragusa-universalita-del-diritto-e-particolarita-delle-culture\/","title":{"rendered":"RAGUSA. \u201cUNIVERSALIT\u00c0 DEL DIRITTO E PARTICOLARIT\u00c0 DELLE CULTURE\u201d"},"content":{"rendered":"<div>\n<p class=\"MsoNormal\" style=\"margin: 0cm 0cm 0pt\"><span style=\"font-family: 'Times New Roman','serif'; font-size: 12pt\">Prosegue oggi, gioved\u00ec 24 gennaio, alle ore 15.30, presso il Salone della chiesa del Preziosissimo Sangue (via Fieramosca 30, Ragusa), l\u2019attivit\u00e0 accademica della Cattedra di \u201cDialogo tra le culture\u201d di Ragusa. E&#8217; proposto un incontro, organizzato in collaborazione con l\u2019Ordine forense della Provincia di Ragusa,\u00a0sull\u2019attualissimo tema \u201c<em><span style=\"font-style: normal; mso-bidi-font-style: italic\">Universalit\u00e0 del diritto e particolarit\u00e0 delle culture<\/span><\/em>\u201d. La relazione principale sar\u00e0 di Fabio Ciaramelli della Facolt\u00e0 di Giurisprudenza dell\u2019Universit\u00e0 di Catania.<o:p><\/o:p><\/span><\/p>\n<p class=\"MsoNormal\" style=\"margin: 0cm 0cm 0pt\"><span style=\"font-family: 'Times New Roman','serif'; font-size: 12pt\">\u201cCi\u00f2 che fonda il diritto \u00e8 il riconoscimento del significato e del valore universali di ogni essere umano, nella sua individualit\u00e0 e nella sua unicit\u00e0, di cui l\u2019universo delle norme giuridiche costituisce al tempo stesso la garanzia e la rivendicazione. Obiettivo della lezione \u00e8 allora \u2013 scrivono gli organizzatori\u00a0presentando l&#8217;evento\u00a0&#8211; dimostrare come tra la pluralit\u00e0 delle culture, nella loro ricchezza e particolarit\u00e0, e la pretesa universale del diritto non ci sia contrapposizione, ma compenetrazione e complementariet\u00e0\u201d.<o:p><\/o:p><\/span><\/p>\n<p class=\"MsoNormal\" style=\"margin: 0cm 0cm 0pt\"><span style=\"font-family: 'Times New Roman','serif'; font-size: 12pt\">La lezione si inserisce all\u2019interno del percorso tematico \u201c<em><span style=\"font-style: normal; mso-bidi-font-style: italic\">Intercultura e relazioni internazionali<\/span><\/em>\u201d, la cui finalit\u00e0 \u00e8 offrire strumenti teorici e pratici per far fronte alle odierne problematiche poste nel campo del diritto \u2013 e di quello societario in particolare \u2013 dalle relazioni internazionali tra enti appartenenti a contesti culturali differenti.<o:p><\/o:p><\/span><\/p>\n<p class=\"MsoNormal\" style=\"margin: 0cm 0cm 0pt\"><span style=\"font-family: 'Times New Roman','serif'; font-size: 12pt\">La Cattedra \u00e8 istituita dalla Pontificia Facolt\u00e0 \u201cSan Bonaventura\u201d di Roma, dalla Diocesi di Ragusa e dalla Provincia di Sicilia dei Frati minori conventuali, in collaborazione con l\u2019Universit\u00e0 di Catania, l\u2019Ordine Forense della Provincia di Ragusa, l\u2019Universit\u00e0 \u201cLa Manouba\u201d di Tunisi e il Centro studi \u201cCalicantus\u201d. Tra le pubblicazioni scientifiche, annovera i due volumi \u201cDialogo tra le culture. Ebraismo, Cristianesimo, Islam\u201d e \u201cLa relazione educativa nella post-modernit\u00e0. Itinerari tra scienze, culture e sapienza\u201d (appena uscito), entrambi a cura di Biagio Aprile ed editi dalle Edizioni Messaggero.<o:p><\/o:p><\/span><\/p>\n<p class=\"MsoNormal\" style=\"margin: 0cm 0cm 0pt\"><span style=\"font-family: 'Times New Roman','serif'; font-size: 12pt\">Per ulteriori informazioni: www.dialogotraculture.it, <\/span><span lang=\"EN\" style=\"font-family: 'Times New Roman','serif'; font-size: 12pt; mso-ansi-language: EN\"><a href=\"mailto:info@dialogotraculture.it\"><span lang=\"IT\" style=\"color: windowtext; mso-ansi-language: IT\">info@dialogotraculture.it<\/span><\/a><\/span><span style=\"font-family: 'Times New Roman','serif'; font-size: 12pt\">. [01]<o:p><\/o:p><\/span><\/p>\n<\/div>\n","protected":false},"excerpt":{"rendered":"","protected":false},"author":1,"featured_media":0,"comment_status":"open","ping_status":"open","sticky":false,"template":"","format":"standard","meta":[],"categories":[30],"tags":[],"news-destination":[],"news-source":[],"is_homepage":[],"ta_other":[],"_links":{"self":[{"href":"https:\/\/www.chiesedisicilia.org\/chiesedisicilia\/news\/wp-json\/wp\/v2\/posts\/4183"}],"collection":[{"href":"https:\/\/www.chiesedisicilia.org\/chiesedisicilia\/news\/wp-json\/wp\/v2\/posts"}],"about":[{"href":"https:\/\/www.chiesedisicilia.org\/chiesedisicilia\/news\/wp-json\/wp\/v2\/types\/post"}],"author":[{"embeddable":true,"href":"https:\/\/www.chiesedisicilia.org\/chiesedisicilia\/news\/wp-json\/wp\/v2\/users\/1"}],"replies":[{"embeddable":true,"href":"https:\/\/www.chiesedisicilia.org\/chiesedisicilia\/news\/wp-json\/wp\/v2\/comments?post=4183"}],"version-history":[{"count":1,"href":"https:\/\/www.chiesedisicilia.org\/chiesedisicilia\/news\/wp-json\/wp\/v2\/posts\/4183\/revisions"}],"predecessor-version":[{"id":22651,"href":"https:\/\/www.chiesedisicilia.org\/chiesedisicilia\/news\/wp-json\/wp\/v2\/posts\/4183\/revisions\/22651"}],"wp:attachment":[{"href":"https:\/\/www.chiesedisicilia.org\/chiesedisicilia\/news\/wp-json\/wp\/v2\/media?parent=4183"}],"wp:term":[{"taxonomy":"category","embeddable":true,"href":"https:\/\/www.chiesedisicilia.org\/chiesedisicilia\/news\/wp-json\/wp\/v2\/categories?post=4183"},{"taxonomy":"post_tag","embeddable":true,"href":"https:\/\/www.chiesedisicilia.org\/chiesedisicilia\/news\/wp-json\/wp\/v2\/tags?post=4183"},{"taxonomy":"news-destination","embeddable":true,"href":"https:\/\/www.chiesedisicilia.org\/chiesedisicilia\/news\/wp-json\/wp\/v2\/news-destination?post=4183"},{"taxonomy":"news-source","embeddable":true,"href":"https:\/\/www.chiesedisicilia.org\/chiesedisicilia\/news\/wp-json\/wp\/v2\/news-source?post=4183"},{"taxonomy":"is_homepage","embeddable":true,"href":"https:\/\/www.chiesedisicilia.org\/chiesedisicilia\/news\/wp-json\/wp\/v2\/is_homepage?post=4183"},{"taxonomy":"ta_other","embeddable":true,"href":"https:\/\/www.chiesedisicilia.org\/chiesedisicilia\/news\/wp-json\/wp\/v2\/ta_other?post=4183"}],"curies":[{"name":"wp","href":"https:\/\/api.w.org\/{rel}","templated":true}]}}