{"id":4178,"date":"2012-11-09T11:33:00","date_gmt":"2012-11-09T10:33:00","guid":{"rendered":"http:\/\/wptestsite.tecnavia.com\/chiesedisicilia_clientsite\/news\/2012\/11\/09\/ragusa-al-via-la-rassegna-cinematografica-orizzonti-di-verita\/"},"modified":"2018-11-12T07:58:39","modified_gmt":"2018-01-16T07:58:39","slug":"ragusa-al-via-la-rassegna-cinematografica-orizzonti-di-verita","status":"publish","type":"post","link":"https:\/\/www.chiesedisicilia.org\/2012\/11\/09\/ragusa-al-via-la-rassegna-cinematografica-orizzonti-di-verita\/","title":{"rendered":"RAGUSA. AL VIA LA RASSEGNA CINEMATOGRAFICA \u201cORIZZONTI DI VERIT\u00c0\u201d"},"content":{"rendered":"<div>\n<p class=\"MsoNoSpacing\" style=\"margin: auto 0cm\">Dopo il successo della rassegna cinematografica dello scorso anno, ritorna l\u2019iniziativa dell\u2019Ufficio per la Cultura della Diocesi di Ragusa con un nuovo percorso di cinema d\u2019autore dal titolo <span style=\"mso-bidi-font-weight: bold; mso-bidi-font-style: italic\">\u201cOrizzonti di verit\u00e0\u201d<\/span>. L\u2019idea nasce in consonanza con il tema \u201c<span style=\"mso-bidi-font-style: italic\">Educhiamoci alla verit\u00e0\u201d<\/span> proposto da mons. Paolo Urso, vescovo di Ragusa, per l\u2019anno pastorale 2012-2013 e vuole tradursi in un itinerario di riflessione attraverso il grande cinema. Il fine \u00e8 di cogliere i significati pi\u00f9 ampi della verit\u00e0, intesa come presupposto essenziale per la libert\u00e0 e il servizio, favorendo lo stare insieme, la conoscenza e il confronto reciproci per una crescita comunitaria attorno a questo tema. \u201cIl tema della verit\u00e0 chiama in causa ognuno di noi \u2013 si legge in una nota della Curia &#8211; portando seriamente a riflettere su cosa possa essere considerato \u201cvero\u201d, se ci sia ancora la possibilit\u00e0 di approdare ad una verit\u00e0 universale e oggettiva valida per tutti, se tale verit\u00e0 non potenzi ancor pi\u00f9 il soggetto che si interroga e se possa addirittura coincidere con Dio\u201d. Il percorso, composto da sei film d\u2019autore e corredato di schede di approfondimento e di dibattiti, si sviluppa nelle citt\u00e0 di Ragusa, Comiso e Vittoria, ed affronter\u00e0 diversi aspetti della verit\u00e0: l\u2019autenticit\u00e0 che scaturisce dal camminare nella verit\u00e0, i danni arrecati dall\u2019offuscamento della verit\u00e0, la ricerca del vero bene per l\u2019uomo, la paura di fronte alla verit\u00e0 di se stessi e delle relazioni, lo stupore conseguente alla sua scoperta, l\u2019umilt\u00e0 che contraddistingue gli amanti del vero, del bene e del bello. Primo appuntamento oggi, l<span style=\"mso-bidi-font-weight: bold\">uned\u00ec 12 novembre, alle 20, <span style=\"mso-spacerun: yes\">\u00a0<\/span>presso il Cinema Lumiere a Ragusa<\/span> con il film \u201c<span style=\"mso-bidi-font-weight: bold\">Quasi amici\u201d<\/span> di Olivier Nakache, \u00c9ric Toledano. Il film racconta l\u2019incontro tra Driss, segnato dal carcere e da un rapporto non facile con la famiglia, ed il miliardario paraplegico Philippe, che lo sceglie come proprio aiutante personale. Entrambi sperimenteranno l\u2019autenticit\u00e0 dei rapporti umani, fino a quel momento soffocata da un gelido perbenismo alto-borghese. <span style=\"color: black; mso-bidi-font-weight: bold\">L\u2019ingresso \u00e8 libero e aperto a tutti<\/span><span style=\"color: black\">. [01]<o:p><\/o:p><\/span><\/p>\n<\/div>\n","protected":false},"excerpt":{"rendered":"","protected":false},"author":1,"featured_media":0,"comment_status":"open","ping_status":"open","sticky":false,"template":"","format":"standard","meta":[],"categories":[30],"tags":[],"news-destination":[],"news-source":[],"is_homepage":[],"ta_other":[],"_links":{"self":[{"href":"https:\/\/www.chiesedisicilia.org\/chiesedisicilia\/news\/wp-json\/wp\/v2\/posts\/4178"}],"collection":[{"href":"https:\/\/www.chiesedisicilia.org\/chiesedisicilia\/news\/wp-json\/wp\/v2\/posts"}],"about":[{"href":"https:\/\/www.chiesedisicilia.org\/chiesedisicilia\/news\/wp-json\/wp\/v2\/types\/post"}],"author":[{"embeddable":true,"href":"https:\/\/www.chiesedisicilia.org\/chiesedisicilia\/news\/wp-json\/wp\/v2\/users\/1"}],"replies":[{"embeddable":true,"href":"https:\/\/www.chiesedisicilia.org\/chiesedisicilia\/news\/wp-json\/wp\/v2\/comments?post=4178"}],"version-history":[{"count":1,"href":"https:\/\/www.chiesedisicilia.org\/chiesedisicilia\/news\/wp-json\/wp\/v2\/posts\/4178\/revisions"}],"predecessor-version":[{"id":22642,"href":"https:\/\/www.chiesedisicilia.org\/chiesedisicilia\/news\/wp-json\/wp\/v2\/posts\/4178\/revisions\/22642"}],"wp:attachment":[{"href":"https:\/\/www.chiesedisicilia.org\/chiesedisicilia\/news\/wp-json\/wp\/v2\/media?parent=4178"}],"wp:term":[{"taxonomy":"category","embeddable":true,"href":"https:\/\/www.chiesedisicilia.org\/chiesedisicilia\/news\/wp-json\/wp\/v2\/categories?post=4178"},{"taxonomy":"post_tag","embeddable":true,"href":"https:\/\/www.chiesedisicilia.org\/chiesedisicilia\/news\/wp-json\/wp\/v2\/tags?post=4178"},{"taxonomy":"news-destination","embeddable":true,"href":"https:\/\/www.chiesedisicilia.org\/chiesedisicilia\/news\/wp-json\/wp\/v2\/news-destination?post=4178"},{"taxonomy":"news-source","embeddable":true,"href":"https:\/\/www.chiesedisicilia.org\/chiesedisicilia\/news\/wp-json\/wp\/v2\/news-source?post=4178"},{"taxonomy":"is_homepage","embeddable":true,"href":"https:\/\/www.chiesedisicilia.org\/chiesedisicilia\/news\/wp-json\/wp\/v2\/is_homepage?post=4178"},{"taxonomy":"ta_other","embeddable":true,"href":"https:\/\/www.chiesedisicilia.org\/chiesedisicilia\/news\/wp-json\/wp\/v2\/ta_other?post=4178"}],"curies":[{"name":"wp","href":"https:\/\/api.w.org\/{rel}","templated":true}]}}