{"id":4177,"date":"2012-10-08T15:49:00","date_gmt":"2012-10-08T13:49:00","guid":{"rendered":"http:\/\/wptestsite.tecnavia.com\/chiesedisicilia_clientsite\/news\/2012\/10\/08\/ragusa-dialogo-tra-culture-interculturalita-nel-mediterraneo\/"},"modified":"2018-11-12T07:58:39","modified_gmt":"2018-01-16T07:58:39","slug":"ragusa-dialogo-tra-culture-interculturalita-nel-mediterraneo","status":"publish","type":"post","link":"https:\/\/www.chiesedisicilia.org\/2012\/10\/08\/ragusa-dialogo-tra-culture-interculturalita-nel-mediterraneo\/","title":{"rendered":"RAGUSA. DIALOGO TRA CULTURE: INTERCULTURALIT\u00c0 NEL MEDITERRANEO"},"content":{"rendered":"<div>\n<p class=\"MsoNoSpacing\" style=\"margin: 0cm 0cm 0pt\"><span style=\"font-family: 'Times New Roman','serif'; font-size: 12pt\">Oggi e domani, gioved\u00ec 11 e venerd\u00ec 12 ottobre, dalle 15.30 alle 18.30, la Cattedra di \u201cDialogo tra le culture\u201d di Ragusa \u2013 giunta al suo quinto anno di attivit\u00e0 scientifica \u2013 inaugurer\u00e0 il nuovo anno accademico con le lezioni tenute dal prof. Abderrazak Sayadi dell\u2019Universit\u00e0 \u201cLa Manouba\u201d di Tunisi. Le lezioni avranno luogo, rispettivamente, presso il Fondo Antico della Biblioteca del Seminario (C.so Italia 109 \u2013 Ragusa) e presso il Salone della chiesa del Preziosissimo Sangue (via Fieramosca 30 \u2013 Ragusa). Il tema trattato verter\u00e0 sulla questione dell\u2019interculturalit\u00e0 nel contesto mediterraneo; pi\u00f9 precisamente si tenter\u00e0 di dare risposta alle domande fondamentali riguardo la possibilit\u00e0 di una civilizzazione universale, la specificit\u00e0 di ogni uomo, l\u2019esistenza di tratti comuni tra le culture, l\u2019universalit\u00e0 dei valori. Dopo la disamina delle problematiche, si individueranno terreni comuni per una migliore convivenza tra le differenti culture del mediterraneo. Quest\u2019anno la Cattedra propone due corsi paralleli: il primo dedicato a \u201cEducazione al dialogo, alla verit\u00e0 e alla pace in tempo di crisi, mentre il secondo su \u201cIntercultura e relazioni internazionali\u201d. Quest\u2019ultimo in collaborazione con l\u2019Ordine forense della Provincia di Ragusa. Obiettivo del primo percorso \u00e8 offrire strumenti teorici e didattici per far fronte alla crisi educativa in atto, nel contesto di societ\u00e0 multiculturali, attraverso la ricerca dei fondamenti culturali, antropologici e spirituali delle diverse civilt\u00e0, con particolare attenzione al contributo della tradizione occidentale e della sapienza cristiana. Obiettivo generale del secondo corso \u00e8 offrire strumenti teorici e pratici per far fronte alle odierne problematiche poste nel campo del diritto \u2013 e di quello societario in particolare \u2013 dalle relazioni internazionali tra enti appartenenti a contesti culturali differenti. La Cattedra \u00e8 istituita dalla Pontificia Facolt\u00e0 \u201cSan Bonaventura\u201d di Roma, dalla Diocesi di Ragusa e dalla Provincia di Sicilia dei Frati minori conventuali, in collaborazione con l\u2019Universit\u00e0 di Catania, l\u2019Ordine Forense della Provincia di Ragusa, l\u2019Universit\u00e0 \u201cLa Manouba\u201d di Tunisi e il Centro studi \u201cCalicantus\u201d. Per ulteriori informazioni: www.dialogotraculture.it, <a href=\"mailto:info@dialogotraculture.it\"><span style=\"color: windowtext\">info@dialogotraculture.it<\/span><\/a>. [01]<o:p><\/o:p><\/span><\/p>\n<p class=\"MsoNoSpacing\" style=\"margin: 0cm 0cm 0pt\"><span style=\"font-family: 'Times New Roman','serif'; font-size: 12pt\"><o:p>\u00a0<\/o:p><\/span><\/p>\n<\/div>\n","protected":false},"excerpt":{"rendered":"","protected":false},"author":1,"featured_media":0,"comment_status":"open","ping_status":"open","sticky":false,"template":"","format":"standard","meta":[],"categories":[30],"tags":[],"news-destination":[],"news-source":[],"is_homepage":[],"ta_other":[],"_links":{"self":[{"href":"https:\/\/www.chiesedisicilia.org\/chiesedisicilia\/news\/wp-json\/wp\/v2\/posts\/4177"}],"collection":[{"href":"https:\/\/www.chiesedisicilia.org\/chiesedisicilia\/news\/wp-json\/wp\/v2\/posts"}],"about":[{"href":"https:\/\/www.chiesedisicilia.org\/chiesedisicilia\/news\/wp-json\/wp\/v2\/types\/post"}],"author":[{"embeddable":true,"href":"https:\/\/www.chiesedisicilia.org\/chiesedisicilia\/news\/wp-json\/wp\/v2\/users\/1"}],"replies":[{"embeddable":true,"href":"https:\/\/www.chiesedisicilia.org\/chiesedisicilia\/news\/wp-json\/wp\/v2\/comments?post=4177"}],"version-history":[{"count":1,"href":"https:\/\/www.chiesedisicilia.org\/chiesedisicilia\/news\/wp-json\/wp\/v2\/posts\/4177\/revisions"}],"predecessor-version":[{"id":22645,"href":"https:\/\/www.chiesedisicilia.org\/chiesedisicilia\/news\/wp-json\/wp\/v2\/posts\/4177\/revisions\/22645"}],"wp:attachment":[{"href":"https:\/\/www.chiesedisicilia.org\/chiesedisicilia\/news\/wp-json\/wp\/v2\/media?parent=4177"}],"wp:term":[{"taxonomy":"category","embeddable":true,"href":"https:\/\/www.chiesedisicilia.org\/chiesedisicilia\/news\/wp-json\/wp\/v2\/categories?post=4177"},{"taxonomy":"post_tag","embeddable":true,"href":"https:\/\/www.chiesedisicilia.org\/chiesedisicilia\/news\/wp-json\/wp\/v2\/tags?post=4177"},{"taxonomy":"news-destination","embeddable":true,"href":"https:\/\/www.chiesedisicilia.org\/chiesedisicilia\/news\/wp-json\/wp\/v2\/news-destination?post=4177"},{"taxonomy":"news-source","embeddable":true,"href":"https:\/\/www.chiesedisicilia.org\/chiesedisicilia\/news\/wp-json\/wp\/v2\/news-source?post=4177"},{"taxonomy":"is_homepage","embeddable":true,"href":"https:\/\/www.chiesedisicilia.org\/chiesedisicilia\/news\/wp-json\/wp\/v2\/is_homepage?post=4177"},{"taxonomy":"ta_other","embeddable":true,"href":"https:\/\/www.chiesedisicilia.org\/chiesedisicilia\/news\/wp-json\/wp\/v2\/ta_other?post=4177"}],"curies":[{"name":"wp","href":"https:\/\/api.w.org\/{rel}","templated":true}]}}